{"id":6389,"date":"2023-05-17T13:50:29","date_gmt":"2023-05-17T12:50:29","guid":{"rendered":"https:\/\/golfterramar.com\/?post_type=noticia&#038;p=6389"},"modified":"2023-05-17T14:07:25","modified_gmt":"2023-05-17T13:07:25","slug":"el-campionat-despanya-senior-masculi-comenca-a-pedrena-amb-amplia-presencia-de-terramar","status":"publish","type":"noticia","link":"https:\/\/golfterramar.com\/ca\/noticia\/el-campionat-despanya-senior-masculi-comenca-a-pedrena-amb-amplia-presencia-de-terramar\/","title":{"rendered":"El Campionat d\u2019Espanya S\u00e8nior Mascul\u00ed comen\u00e7a a Pedre\u00f1a amb \u00e0mplia presencia de Terramar"},"content":{"rendered":"\n<p>L&#8217;emblem\u00e0tic Reial Club de Golf de Pedre\u00f1a (Cant\u00e0bria) acull aquests dies el prestigi\u00f3s Campionat d&#8217;Espanya S\u00e8nior Mascul\u00ed 2023, en categoria de dobles i individual, i compta amb la participaci\u00f3 de cinc socis del Club de Golf Terramar: Jorge Rubio, Juan Leach, Philippe Bach, Alberto Bel i Javier Bel.<\/p>\n\n\n\n<p>Les sessions de dobles es disputen en dues jornades i tenen com a principal atracci\u00f3 del cartell Jorge Rubio i Juan Leach, campions en les edicions de 2021 i 2022. Rubio i Leach parteixen com la tercera millor parella per handicap, amb plenes opcions de revalidar el t\u00edtol. La primera jornada del dobles es juga en modalitat parelles millor bola (<em>fourball<\/em>) i la segona, en modalitat <em>greensome<\/em>.<\/p>\n\n\n\n<p>A la mateixa categoria competeixen la parella formada per Alberto Bel i Javier Bel i tamb\u00e9 la de Philippe Bach i Eduardo de la Riva.<\/p>\n\n\n\n<p>El campionat individual es disputar\u00e0 en tres jornades divendres, dissabte i diumenge i entre els seus participants hi seran amb Jorge Rubio, Juan Leach, Alberto Bel i Philippe Bach.<\/p>\n\n\n<div class=\"wp-block-image\">\n<figure class=\"aligncenter size-full\"><img loading=\"lazy\" decoding=\"async\" width=\"490\" height=\"220\" src=\"https:\/\/golfterramar.com\/wp-content\/uploads\/2023\/05\/Golf-1.jpg\" alt=\"\" class=\"wp-image-6385\"\/><\/figure>\n<\/div>\n\n\n<p><\/p>\n","protected":false},"author":3,"featured_media":6385,"template":"","categories":[],"class_list":["post-6389","noticia","type-noticia","status-publish","has-post-thumbnail","hentry"],"acf":[],"yoast_head":"<!-- This site is optimized with the Yoast SEO plugin v24.9 - https:\/\/yoast.com\/wordpress\/plugins\/seo\/ -->\n<title>El Campionat d\u2019Espanya S\u00e8nior Mascul\u00ed comen\u00e7a a Pedre\u00f1a amb \u00e0mplia presencia de Terramar - Golf Terramar<\/title>\n<meta name=\"robots\" content=\"index, follow, max-snippet:-1, max-image-preview:large, max-video-preview:-1\" \/>\n<link rel=\"canonical\" href=\"https:\/\/golfterramar.com\/ca\/noticia\/el-campionat-despanya-senior-masculi-comenca-a-pedrena-amb-amplia-presencia-de-terramar\/\" \/>\n<meta property=\"og:locale\" content=\"ca_ES\" \/>\n<meta property=\"og:type\" content=\"article\" \/>\n<meta property=\"og:title\" content=\"El Campionat d\u2019Espanya S\u00e8nior Mascul\u00ed comen\u00e7a a Pedre\u00f1a amb \u00e0mplia presencia de Terramar - Golf Terramar\" \/>\n<meta property=\"og:description\" content=\"L&#8217;emblem\u00e0tic Reial Club de Golf de Pedre\u00f1a (Cant\u00e0bria) acull aquests dies el prestigi\u00f3s Campionat d&#8217;Espanya S\u00e8nior Mascul\u00ed 2023, en categoria de dobles i individual, i compta amb la participaci\u00f3 de cinc socis del Club de Golf Terramar: Jorge Rubio, Juan Leach, Philippe Bach, Alberto Bel i Javier Bel. Les sessions de dobles es disputen en [&hellip;]\" \/>\n<meta property=\"og:url\" content=\"https:\/\/golfterramar.com\/ca\/noticia\/el-campionat-despanya-senior-masculi-comenca-a-pedrena-amb-amplia-presencia-de-terramar\/\" \/>\n<meta property=\"og:site_name\" content=\"Golf Terramar\" \/>\n<meta property=\"article:modified_time\" content=\"2023-05-17T13:07:25+00:00\" \/>\n<meta property=\"og:image\" content=\"https:\/\/golfterramar.com\/wp-content\/uploads\/2023\/05\/Golf-1.jpg\" \/>\n\t<meta property=\"og:image:width\" content=\"490\" \/>\n\t<meta property=\"og:image:height\" content=\"220\" \/>\n\t<meta property=\"og:image:type\" content=\"image\/jpeg\" \/>\n<meta name=\"twitter:card\" content=\"summary_large_image\" \/>\n<meta name=\"twitter:label1\" content=\"Temps estimat de lectura\" \/>\n\t<meta name=\"twitter:data1\" content=\"1 minut\" \/>\n<script type=\"application\/ld+json\" class=\"yoast-schema-graph\">{\"@context\":\"https:\/\/schema.org\",\"@graph\":[{\"@type\":\"WebPage\",\"@id\":\"https:\/\/golfterramar.com\/ca\/noticia\/el-campionat-despanya-senior-masculi-comenca-a-pedrena-amb-amplia-presencia-de-terramar\/\",\"url\":\"https:\/\/golfterramar.com\/ca\/noticia\/el-campionat-despanya-senior-masculi-comenca-a-pedrena-amb-amplia-presencia-de-terramar\/\",\"name\":\"El Campionat d\u2019Espanya S\u00e8nior Mascul\u00ed comen\u00e7a a Pedre\u00f1a amb \u00e0mplia presencia de Terramar - Golf Terramar\",\"isPartOf\":{\"@id\":\"https:\/\/golfterramar.com\/ca\/#website\"},\"primaryImageOfPage\":{\"@id\":\"https:\/\/golfterramar.com\/ca\/noticia\/el-campionat-despanya-senior-masculi-comenca-a-pedrena-amb-amplia-presencia-de-terramar\/#primaryimage\"},\"image\":{\"@id\":\"https:\/\/golfterramar.com\/ca\/noticia\/el-campionat-despanya-senior-masculi-comenca-a-pedrena-amb-amplia-presencia-de-terramar\/#primaryimage\"},\"thumbnailUrl\":\"https:\/\/golfterramar.com\/wp-content\/uploads\/2023\/05\/Golf-1.jpg\",\"datePublished\":\"2023-05-17T12:50:29+00:00\",\"dateModified\":\"2023-05-17T13:07:25+00:00\",\"breadcrumb\":{\"@id\":\"https:\/\/golfterramar.com\/ca\/noticia\/el-campionat-despanya-senior-masculi-comenca-a-pedrena-amb-amplia-presencia-de-terramar\/#breadcrumb\"},\"inLanguage\":\"ca\",\"potentialAction\":[{\"@type\":\"ReadAction\",\"target\":[\"https:\/\/golfterramar.com\/ca\/noticia\/el-campionat-despanya-senior-masculi-comenca-a-pedrena-amb-amplia-presencia-de-terramar\/\"]}]},{\"@type\":\"ImageObject\",\"inLanguage\":\"ca\",\"@id\":\"https:\/\/golfterramar.com\/ca\/noticia\/el-campionat-despanya-senior-masculi-comenca-a-pedrena-amb-amplia-presencia-de-terramar\/#primaryimage\",\"url\":\"https:\/\/golfterramar.com\/wp-content\/uploads\/2023\/05\/Golf-1.jpg\",\"contentUrl\":\"https:\/\/golfterramar.com\/wp-content\/uploads\/2023\/05\/Golf-1.jpg\",\"width\":490,\"height\":220},{\"@type\":\"BreadcrumbList\",\"@id\":\"https:\/\/golfterramar.com\/ca\/noticia\/el-campionat-despanya-senior-masculi-comenca-a-pedrena-amb-amplia-presencia-de-terramar\/#breadcrumb\",\"itemListElement\":[{\"@type\":\"ListItem\",\"position\":1,\"name\":\"Portada\",\"item\":\"https:\/\/golfterramar.com\/ca\/\"},{\"@type\":\"ListItem\",\"position\":2,\"name\":\"El Campionat d\u2019Espanya S\u00e8nior Mascul\u00ed comen\u00e7a a Pedre\u00f1a amb \u00e0mplia presencia de Terramar\"}]},{\"@type\":\"WebSite\",\"@id\":\"https:\/\/golfterramar.com\/ca\/#website\",\"url\":\"https:\/\/golfterramar.com\/ca\/\",\"name\":\"Golf Terramar\",\"description\":\"\",\"potentialAction\":[{\"@type\":\"SearchAction\",\"target\":{\"@type\":\"EntryPoint\",\"urlTemplate\":\"https:\/\/golfterramar.com\/ca\/?s={search_term_string}\"},\"query-input\":{\"@type\":\"PropertyValueSpecification\",\"valueRequired\":true,\"valueName\":\"search_term_string\"}}],\"inLanguage\":\"ca\"}]}<\/script>\n<!-- \/ Yoast SEO plugin. -->","yoast_head_json":{"title":"El Campionat d\u2019Espanya S\u00e8nior Mascul\u00ed comen\u00e7a a Pedre\u00f1a amb \u00e0mplia presencia de Terramar - Golf Terramar","robots":{"index":"index","follow":"follow","max-snippet":"max-snippet:-1","max-image-preview":"max-image-preview:large","max-video-preview":"max-video-preview:-1"},"canonical":"https:\/\/golfterramar.com\/ca\/noticia\/el-campionat-despanya-senior-masculi-comenca-a-pedrena-amb-amplia-presencia-de-terramar\/","og_locale":"ca_ES","og_type":"article","og_title":"El Campionat d\u2019Espanya S\u00e8nior Mascul\u00ed comen\u00e7a a Pedre\u00f1a amb \u00e0mplia presencia de Terramar - Golf Terramar","og_description":"L&#8217;emblem\u00e0tic Reial Club de Golf de Pedre\u00f1a (Cant\u00e0bria) acull aquests dies el prestigi\u00f3s Campionat d&#8217;Espanya S\u00e8nior Mascul\u00ed 2023, en categoria de dobles i individual, i compta amb la participaci\u00f3 de cinc socis del Club de Golf Terramar: Jorge Rubio, Juan Leach, Philippe Bach, Alberto Bel i Javier Bel. Les sessions de dobles es disputen en [&hellip;]","og_url":"https:\/\/golfterramar.com\/ca\/noticia\/el-campionat-despanya-senior-masculi-comenca-a-pedrena-amb-amplia-presencia-de-terramar\/","og_site_name":"Golf Terramar","article_modified_time":"2023-05-17T13:07:25+00:00","og_image":[{"width":490,"height":220,"url":"https:\/\/golfterramar.com\/wp-content\/uploads\/2023\/05\/Golf-1.jpg","type":"image\/jpeg"}],"twitter_card":"summary_large_image","twitter_misc":{"Temps estimat de lectura":"1 minut"},"schema":{"@context":"https:\/\/schema.org","@graph":[{"@type":"WebPage","@id":"https:\/\/golfterramar.com\/ca\/noticia\/el-campionat-despanya-senior-masculi-comenca-a-pedrena-amb-amplia-presencia-de-terramar\/","url":"https:\/\/golfterramar.com\/ca\/noticia\/el-campionat-despanya-senior-masculi-comenca-a-pedrena-amb-amplia-presencia-de-terramar\/","name":"El Campionat d\u2019Espanya S\u00e8nior Mascul\u00ed comen\u00e7a a Pedre\u00f1a amb \u00e0mplia presencia de Terramar - Golf Terramar","isPartOf":{"@id":"https:\/\/golfterramar.com\/ca\/#website"},"primaryImageOfPage":{"@id":"https:\/\/golfterramar.com\/ca\/noticia\/el-campionat-despanya-senior-masculi-comenca-a-pedrena-amb-amplia-presencia-de-terramar\/#primaryimage"},"image":{"@id":"https:\/\/golfterramar.com\/ca\/noticia\/el-campionat-despanya-senior-masculi-comenca-a-pedrena-amb-amplia-presencia-de-terramar\/#primaryimage"},"thumbnailUrl":"https:\/\/golfterramar.com\/wp-content\/uploads\/2023\/05\/Golf-1.jpg","datePublished":"2023-05-17T12:50:29+00:00","dateModified":"2023-05-17T13:07:25+00:00","breadcrumb":{"@id":"https:\/\/golfterramar.com\/ca\/noticia\/el-campionat-despanya-senior-masculi-comenca-a-pedrena-amb-amplia-presencia-de-terramar\/#breadcrumb"},"inLanguage":"ca","potentialAction":[{"@type":"ReadAction","target":["https:\/\/golfterramar.com\/ca\/noticia\/el-campionat-despanya-senior-masculi-comenca-a-pedrena-amb-amplia-presencia-de-terramar\/"]}]},{"@type":"ImageObject","inLanguage":"ca","@id":"https:\/\/golfterramar.com\/ca\/noticia\/el-campionat-despanya-senior-masculi-comenca-a-pedrena-amb-amplia-presencia-de-terramar\/#primaryimage","url":"https:\/\/golfterramar.com\/wp-content\/uploads\/2023\/05\/Golf-1.jpg","contentUrl":"https:\/\/golfterramar.com\/wp-content\/uploads\/2023\/05\/Golf-1.jpg","width":490,"height":220},{"@type":"BreadcrumbList","@id":"https:\/\/golfterramar.com\/ca\/noticia\/el-campionat-despanya-senior-masculi-comenca-a-pedrena-amb-amplia-presencia-de-terramar\/#breadcrumb","itemListElement":[{"@type":"ListItem","position":1,"name":"Portada","item":"https:\/\/golfterramar.com\/ca\/"},{"@type":"ListItem","position":2,"name":"El Campionat d\u2019Espanya S\u00e8nior Mascul\u00ed comen\u00e7a a Pedre\u00f1a amb \u00e0mplia presencia de Terramar"}]},{"@type":"WebSite","@id":"https:\/\/golfterramar.com\/ca\/#website","url":"https:\/\/golfterramar.com\/ca\/","name":"Golf Terramar","description":"","potentialAction":[{"@type":"SearchAction","target":{"@type":"EntryPoint","urlTemplate":"https:\/\/golfterramar.com\/ca\/?s={search_term_string}"},"query-input":{"@type":"PropertyValueSpecification","valueRequired":true,"valueName":"search_term_string"}}],"inLanguage":"ca"}]}},"_links":{"self":[{"href":"https:\/\/golfterramar.com\/ca\/wp-json\/wp\/v2\/noticia\/6389","targetHints":{"allow":["GET"]}}],"collection":[{"href":"https:\/\/golfterramar.com\/ca\/wp-json\/wp\/v2\/noticia"}],"about":[{"href":"https:\/\/golfterramar.com\/ca\/wp-json\/wp\/v2\/types\/noticia"}],"author":[{"embeddable":true,"href":"https:\/\/golfterramar.com\/ca\/wp-json\/wp\/v2\/users\/3"}],"version-history":[{"count":7,"href":"https:\/\/golfterramar.com\/ca\/wp-json\/wp\/v2\/noticia\/6389\/revisions"}],"predecessor-version":[{"id":6409,"href":"https:\/\/golfterramar.com\/ca\/wp-json\/wp\/v2\/noticia\/6389\/revisions\/6409"}],"wp:featuredmedia":[{"embeddable":true,"href":"https:\/\/golfterramar.com\/ca\/wp-json\/wp\/v2\/media\/6385"}],"wp:attachment":[{"href":"https:\/\/golfterramar.com\/ca\/wp-json\/wp\/v2\/media?parent=6389"}],"wp:term":[{"taxonomy":"category","embeddable":true,"href":"https:\/\/golfterramar.com\/ca\/wp-json\/wp\/v2\/categories?post=6389"}],"curies":[{"name":"wp","href":"https:\/\/api.w.org\/{rel}","templated":true}]}}