{"id":7609,"date":"2024-01-23T15:14:54","date_gmt":"2024-01-23T14:14:54","guid":{"rendered":"https:\/\/golfterramar.com\/?post_type=noticia&#038;p=7609"},"modified":"2024-01-23T15:18:46","modified_gmt":"2024-01-23T14:18:46","slug":"el-torneig-pro-am-familia-garcia-munte-aplega-qualitat-i-participacio","status":"publish","type":"noticia","link":"https:\/\/golfterramar.com\/ca\/noticia\/el-torneig-pro-am-familia-garcia-munte-aplega-qualitat-i-participacio\/","title":{"rendered":"El torneig Pro-Am Fam\u00edlia Garc\u00eda Munt\u00e9 aplega qualitat i participaci\u00f3"},"content":{"rendered":"\n<p>Un total de 33 equips i 132 jugadors van disputar divendres i dissabte el Torneig Pro-Am Familia Garc\u00eda Munt\u00e9 al Club de Golf Terramar, en un ambient de notable qualitat, elevada participaci\u00f3 i excel\u00b7lents condicions, malgrat les baixes temperatures registrades dissabte a primera hora. La combinaci\u00f3 de tres amateurs i un professional per equip va permetre oferir un panorama altament satisfactori, que es va traduir en un bon nivell competitiu.<\/p>\n\n\n\n<p>L&#8217;equip integrat per Rafael Gallardo, Nicol\u00e1s Demont, Joan Arambilet i \u00c0lex Demont va guanyar a la categoria general, mentre que a la de professionals la vict\u00f2ria va ser compartida per a Joel Moscatel i Javier Sainz.<\/p>\n\n\n\n<p>El torneig es va complementar amb un dinar a les instal\u00b7lacions del Club i el posterior lliurament de trofeus, que va comptar amb la participaci\u00f3 de la fam\u00edlia Garc\u00eda Munt\u00e9, el president del Club, Ernesto Romeu; el gerent, Tom\u00e1s Gonz\u00e1lez, i la pres\u00e8ncia de dues figures del golf a Espanya, com \u00c1ngel Gallardo i Rom\u00e1n Taya.<\/p>\n\n\n<div class=\"wp-block-image\">\n<figure class=\"aligncenter size-full\"><img loading=\"lazy\" decoding=\"async\" width=\"490\" height=\"220\" src=\"https:\/\/golfterramar.com\/wp-content\/uploads\/2024\/01\/cabecera.jpg\" alt=\"\" class=\"wp-image-7603\"\/><\/figure>\n<\/div>","protected":false},"author":3,"featured_media":7603,"template":"","categories":[],"class_list":["post-7609","noticia","type-noticia","status-publish","has-post-thumbnail","hentry"],"acf":[],"yoast_head":"<!-- This site is optimized with the Yoast SEO plugin v24.9 - https:\/\/yoast.com\/wordpress\/plugins\/seo\/ -->\n<title>El torneig Pro-Am Fam\u00edlia Garc\u00eda Munt\u00e9 aplega qualitat i participaci\u00f3 - Golf Terramar<\/title>\n<meta name=\"robots\" content=\"index, follow, max-snippet:-1, max-image-preview:large, max-video-preview:-1\" \/>\n<link rel=\"canonical\" href=\"https:\/\/golfterramar.com\/ca\/noticia\/el-torneig-pro-am-familia-garcia-munte-aplega-qualitat-i-participacio\/\" \/>\n<meta property=\"og:locale\" content=\"ca_ES\" \/>\n<meta property=\"og:type\" content=\"article\" \/>\n<meta property=\"og:title\" content=\"El torneig Pro-Am Fam\u00edlia Garc\u00eda Munt\u00e9 aplega qualitat i participaci\u00f3 - Golf Terramar\" \/>\n<meta property=\"og:description\" content=\"Un total de 33 equips i 132 jugadors van disputar divendres i dissabte el Torneig Pro-Am Familia Garc\u00eda Munt\u00e9 al Club de Golf Terramar, en un ambient de notable qualitat, elevada participaci\u00f3 i excel\u00b7lents condicions, malgrat les baixes temperatures registrades dissabte a primera hora. La combinaci\u00f3 de tres amateurs i un professional per equip va [&hellip;]\" \/>\n<meta property=\"og:url\" content=\"https:\/\/golfterramar.com\/ca\/noticia\/el-torneig-pro-am-familia-garcia-munte-aplega-qualitat-i-participacio\/\" \/>\n<meta property=\"og:site_name\" content=\"Golf Terramar\" \/>\n<meta property=\"article:modified_time\" content=\"2024-01-23T14:18:46+00:00\" \/>\n<meta property=\"og:image\" content=\"https:\/\/golfterramar.com\/wp-content\/uploads\/2024\/01\/cabecera.jpg\" \/>\n\t<meta property=\"og:image:width\" content=\"490\" \/>\n\t<meta property=\"og:image:height\" content=\"220\" \/>\n\t<meta property=\"og:image:type\" content=\"image\/jpeg\" \/>\n<meta name=\"twitter:card\" content=\"summary_large_image\" \/>\n<meta name=\"twitter:label1\" content=\"Temps estimat de lectura\" \/>\n\t<meta name=\"twitter:data1\" content=\"1 minut\" \/>\n<script type=\"application\/ld+json\" class=\"yoast-schema-graph\">{\"@context\":\"https:\/\/schema.org\",\"@graph\":[{\"@type\":\"WebPage\",\"@id\":\"https:\/\/golfterramar.com\/ca\/noticia\/el-torneig-pro-am-familia-garcia-munte-aplega-qualitat-i-participacio\/\",\"url\":\"https:\/\/golfterramar.com\/ca\/noticia\/el-torneig-pro-am-familia-garcia-munte-aplega-qualitat-i-participacio\/\",\"name\":\"El torneig Pro-Am Fam\u00edlia Garc\u00eda Munt\u00e9 aplega qualitat i participaci\u00f3 - Golf Terramar\",\"isPartOf\":{\"@id\":\"https:\/\/golfterramar.com\/ca\/#website\"},\"primaryImageOfPage\":{\"@id\":\"https:\/\/golfterramar.com\/ca\/noticia\/el-torneig-pro-am-familia-garcia-munte-aplega-qualitat-i-participacio\/#primaryimage\"},\"image\":{\"@id\":\"https:\/\/golfterramar.com\/ca\/noticia\/el-torneig-pro-am-familia-garcia-munte-aplega-qualitat-i-participacio\/#primaryimage\"},\"thumbnailUrl\":\"https:\/\/golfterramar.com\/wp-content\/uploads\/2024\/01\/cabecera.jpg\",\"datePublished\":\"2024-01-23T14:14:54+00:00\",\"dateModified\":\"2024-01-23T14:18:46+00:00\",\"breadcrumb\":{\"@id\":\"https:\/\/golfterramar.com\/ca\/noticia\/el-torneig-pro-am-familia-garcia-munte-aplega-qualitat-i-participacio\/#breadcrumb\"},\"inLanguage\":\"ca\",\"potentialAction\":[{\"@type\":\"ReadAction\",\"target\":[\"https:\/\/golfterramar.com\/ca\/noticia\/el-torneig-pro-am-familia-garcia-munte-aplega-qualitat-i-participacio\/\"]}]},{\"@type\":\"ImageObject\",\"inLanguage\":\"ca\",\"@id\":\"https:\/\/golfterramar.com\/ca\/noticia\/el-torneig-pro-am-familia-garcia-munte-aplega-qualitat-i-participacio\/#primaryimage\",\"url\":\"https:\/\/golfterramar.com\/wp-content\/uploads\/2024\/01\/cabecera.jpg\",\"contentUrl\":\"https:\/\/golfterramar.com\/wp-content\/uploads\/2024\/01\/cabecera.jpg\",\"width\":490,\"height\":220},{\"@type\":\"BreadcrumbList\",\"@id\":\"https:\/\/golfterramar.com\/ca\/noticia\/el-torneig-pro-am-familia-garcia-munte-aplega-qualitat-i-participacio\/#breadcrumb\",\"itemListElement\":[{\"@type\":\"ListItem\",\"position\":1,\"name\":\"Portada\",\"item\":\"https:\/\/golfterramar.com\/ca\/\"},{\"@type\":\"ListItem\",\"position\":2,\"name\":\"El torneig Pro-Am Fam\u00edlia Garc\u00eda Munt\u00e9 aplega qualitat i participaci\u00f3\"}]},{\"@type\":\"WebSite\",\"@id\":\"https:\/\/golfterramar.com\/ca\/#website\",\"url\":\"https:\/\/golfterramar.com\/ca\/\",\"name\":\"Golf Terramar\",\"description\":\"\",\"potentialAction\":[{\"@type\":\"SearchAction\",\"target\":{\"@type\":\"EntryPoint\",\"urlTemplate\":\"https:\/\/golfterramar.com\/ca\/?s={search_term_string}\"},\"query-input\":{\"@type\":\"PropertyValueSpecification\",\"valueRequired\":true,\"valueName\":\"search_term_string\"}}],\"inLanguage\":\"ca\"}]}<\/script>\n<!-- \/ Yoast SEO plugin. -->","yoast_head_json":{"title":"El torneig Pro-Am Fam\u00edlia Garc\u00eda Munt\u00e9 aplega qualitat i participaci\u00f3 - Golf Terramar","robots":{"index":"index","follow":"follow","max-snippet":"max-snippet:-1","max-image-preview":"max-image-preview:large","max-video-preview":"max-video-preview:-1"},"canonical":"https:\/\/golfterramar.com\/ca\/noticia\/el-torneig-pro-am-familia-garcia-munte-aplega-qualitat-i-participacio\/","og_locale":"ca_ES","og_type":"article","og_title":"El torneig Pro-Am Fam\u00edlia Garc\u00eda Munt\u00e9 aplega qualitat i participaci\u00f3 - Golf Terramar","og_description":"Un total de 33 equips i 132 jugadors van disputar divendres i dissabte el Torneig Pro-Am Familia Garc\u00eda Munt\u00e9 al Club de Golf Terramar, en un ambient de notable qualitat, elevada participaci\u00f3 i excel\u00b7lents condicions, malgrat les baixes temperatures registrades dissabte a primera hora. La combinaci\u00f3 de tres amateurs i un professional per equip va [&hellip;]","og_url":"https:\/\/golfterramar.com\/ca\/noticia\/el-torneig-pro-am-familia-garcia-munte-aplega-qualitat-i-participacio\/","og_site_name":"Golf Terramar","article_modified_time":"2024-01-23T14:18:46+00:00","og_image":[{"width":490,"height":220,"url":"https:\/\/golfterramar.com\/wp-content\/uploads\/2024\/01\/cabecera.jpg","type":"image\/jpeg"}],"twitter_card":"summary_large_image","twitter_misc":{"Temps estimat de lectura":"1 minut"},"schema":{"@context":"https:\/\/schema.org","@graph":[{"@type":"WebPage","@id":"https:\/\/golfterramar.com\/ca\/noticia\/el-torneig-pro-am-familia-garcia-munte-aplega-qualitat-i-participacio\/","url":"https:\/\/golfterramar.com\/ca\/noticia\/el-torneig-pro-am-familia-garcia-munte-aplega-qualitat-i-participacio\/","name":"El torneig Pro-Am Fam\u00edlia Garc\u00eda Munt\u00e9 aplega qualitat i participaci\u00f3 - Golf Terramar","isPartOf":{"@id":"https:\/\/golfterramar.com\/ca\/#website"},"primaryImageOfPage":{"@id":"https:\/\/golfterramar.com\/ca\/noticia\/el-torneig-pro-am-familia-garcia-munte-aplega-qualitat-i-participacio\/#primaryimage"},"image":{"@id":"https:\/\/golfterramar.com\/ca\/noticia\/el-torneig-pro-am-familia-garcia-munte-aplega-qualitat-i-participacio\/#primaryimage"},"thumbnailUrl":"https:\/\/golfterramar.com\/wp-content\/uploads\/2024\/01\/cabecera.jpg","datePublished":"2024-01-23T14:14:54+00:00","dateModified":"2024-01-23T14:18:46+00:00","breadcrumb":{"@id":"https:\/\/golfterramar.com\/ca\/noticia\/el-torneig-pro-am-familia-garcia-munte-aplega-qualitat-i-participacio\/#breadcrumb"},"inLanguage":"ca","potentialAction":[{"@type":"ReadAction","target":["https:\/\/golfterramar.com\/ca\/noticia\/el-torneig-pro-am-familia-garcia-munte-aplega-qualitat-i-participacio\/"]}]},{"@type":"ImageObject","inLanguage":"ca","@id":"https:\/\/golfterramar.com\/ca\/noticia\/el-torneig-pro-am-familia-garcia-munte-aplega-qualitat-i-participacio\/#primaryimage","url":"https:\/\/golfterramar.com\/wp-content\/uploads\/2024\/01\/cabecera.jpg","contentUrl":"https:\/\/golfterramar.com\/wp-content\/uploads\/2024\/01\/cabecera.jpg","width":490,"height":220},{"@type":"BreadcrumbList","@id":"https:\/\/golfterramar.com\/ca\/noticia\/el-torneig-pro-am-familia-garcia-munte-aplega-qualitat-i-participacio\/#breadcrumb","itemListElement":[{"@type":"ListItem","position":1,"name":"Portada","item":"https:\/\/golfterramar.com\/ca\/"},{"@type":"ListItem","position":2,"name":"El torneig Pro-Am Fam\u00edlia Garc\u00eda Munt\u00e9 aplega qualitat i participaci\u00f3"}]},{"@type":"WebSite","@id":"https:\/\/golfterramar.com\/ca\/#website","url":"https:\/\/golfterramar.com\/ca\/","name":"Golf Terramar","description":"","potentialAction":[{"@type":"SearchAction","target":{"@type":"EntryPoint","urlTemplate":"https:\/\/golfterramar.com\/ca\/?s={search_term_string}"},"query-input":{"@type":"PropertyValueSpecification","valueRequired":true,"valueName":"search_term_string"}}],"inLanguage":"ca"}]}},"_links":{"self":[{"href":"https:\/\/golfterramar.com\/ca\/wp-json\/wp\/v2\/noticia\/7609","targetHints":{"allow":["GET"]}}],"collection":[{"href":"https:\/\/golfterramar.com\/ca\/wp-json\/wp\/v2\/noticia"}],"about":[{"href":"https:\/\/golfterramar.com\/ca\/wp-json\/wp\/v2\/types\/noticia"}],"author":[{"embeddable":true,"href":"https:\/\/golfterramar.com\/ca\/wp-json\/wp\/v2\/users\/3"}],"version-history":[{"count":1,"href":"https:\/\/golfterramar.com\/ca\/wp-json\/wp\/v2\/noticia\/7609\/revisions"}],"predecessor-version":[{"id":7610,"href":"https:\/\/golfterramar.com\/ca\/wp-json\/wp\/v2\/noticia\/7609\/revisions\/7610"}],"wp:featuredmedia":[{"embeddable":true,"href":"https:\/\/golfterramar.com\/ca\/wp-json\/wp\/v2\/media\/7603"}],"wp:attachment":[{"href":"https:\/\/golfterramar.com\/ca\/wp-json\/wp\/v2\/media?parent=7609"}],"wp:term":[{"taxonomy":"category","embeddable":true,"href":"https:\/\/golfterramar.com\/ca\/wp-json\/wp\/v2\/categories?post=7609"}],"curies":[{"name":"wp","href":"https:\/\/api.w.org\/{rel}","templated":true}]}}