{"id":7662,"date":"2024-02-08T16:34:27","date_gmt":"2024-02-08T15:34:27","guid":{"rendered":"https:\/\/golfterramar.com\/?post_type=noticia&#038;p=7662"},"modified":"2024-02-08T16:35:52","modified_gmt":"2024-02-08T15:35:52","slug":"el-torneig-dempleats-convoca-golf-i-team-building","status":"publish","type":"noticia","link":"https:\/\/golfterramar.com\/ca\/noticia\/el-torneig-dempleats-convoca-golf-i-team-building\/","title":{"rendered":"El torneig d\u2019empleats convoca golf i \u2018team building\u2019"},"content":{"rendered":"\n<p>El tradicional torneig de treballadors del Club es va celebrar dilluns passat, en un ambient de confraternitzaci\u00f3 i amigable competitivitat. 40 treballadors van participar en la jornada, disputada sota un sol radiant. Albert Torres Regada va ser el guanyador en la categoria de 9 forats amb llic\u00e8ncia i Sergio de Miquel a la de 9 sense llic\u00e8ncia. <br><br>Aquest any, el torneig va estar acompanyat d&#8217;una sessi\u00f3 de <em>team building<\/em>, que va consistir a seguir la hist\u00f2ria <em>L&#8217;enigma de Terramar<\/em>, on s&#8217;havia de trobar pistes distribu\u00efdes per les id\u00edl\u00b7liques instal\u00b7lacions del Club i que estaven relacionades amb la seva gaireb\u00e9 centen\u00e0ria hist\u00f2ria. L&#8217;equip Rosa \u2013format per Antonio Garc\u00eda, Sara Ramos, Roger Soriano i Sergio Ellis\u2013 va ser el guanyador de la gimcana. L&#8217;empresa Som Experi\u00e8ncies es va encarregar de la sessi\u00f3, molt ben rebuda per tots els participants.<\/p>\n\n\n<div class=\"wp-block-image\">\n<figure class=\"aligncenter size-full\"><img loading=\"lazy\" decoding=\"async\" width=\"490\" height=\"220\" src=\"https:\/\/golfterramar.com\/wp-content\/uploads\/2024\/02\/Portada-1.jpg\" alt=\"\" class=\"wp-image-7658\"\/><\/figure>\n<\/div>","protected":false},"author":3,"featured_media":7658,"template":"","categories":[],"class_list":["post-7662","noticia","type-noticia","status-publish","has-post-thumbnail","hentry"],"acf":[],"yoast_head":"<!-- This site is optimized with the Yoast SEO plugin v24.9 - https:\/\/yoast.com\/wordpress\/plugins\/seo\/ -->\n<title>El torneig d\u2019empleats convoca golf i \u2018team building\u2019 - Golf Terramar<\/title>\n<meta name=\"robots\" content=\"index, follow, max-snippet:-1, max-image-preview:large, max-video-preview:-1\" \/>\n<link rel=\"canonical\" href=\"https:\/\/golfterramar.com\/ca\/noticia\/el-torneig-dempleats-convoca-golf-i-team-building\/\" \/>\n<meta property=\"og:locale\" content=\"ca_ES\" \/>\n<meta property=\"og:type\" content=\"article\" \/>\n<meta property=\"og:title\" content=\"El torneig d\u2019empleats convoca golf i \u2018team building\u2019 - Golf Terramar\" \/>\n<meta property=\"og:description\" content=\"El tradicional torneig de treballadors del Club es va celebrar dilluns passat, en un ambient de confraternitzaci\u00f3 i amigable competitivitat. 40 treballadors van participar en la jornada, disputada sota un sol radiant. Albert Torres Regada va ser el guanyador en la categoria de 9 forats amb llic\u00e8ncia i Sergio de Miquel a la de 9 [&hellip;]\" \/>\n<meta property=\"og:url\" content=\"https:\/\/golfterramar.com\/ca\/noticia\/el-torneig-dempleats-convoca-golf-i-team-building\/\" \/>\n<meta property=\"og:site_name\" content=\"Golf Terramar\" \/>\n<meta property=\"article:modified_time\" content=\"2024-02-08T15:35:52+00:00\" \/>\n<meta property=\"og:image\" content=\"https:\/\/golfterramar.com\/wp-content\/uploads\/2024\/02\/Portada-1.jpg\" \/>\n\t<meta property=\"og:image:width\" content=\"490\" \/>\n\t<meta property=\"og:image:height\" content=\"220\" \/>\n\t<meta property=\"og:image:type\" content=\"image\/jpeg\" \/>\n<meta name=\"twitter:card\" content=\"summary_large_image\" \/>\n<meta name=\"twitter:label1\" content=\"Temps estimat de lectura\" \/>\n\t<meta name=\"twitter:data1\" content=\"1 minut\" \/>\n<script type=\"application\/ld+json\" class=\"yoast-schema-graph\">{\"@context\":\"https:\/\/schema.org\",\"@graph\":[{\"@type\":\"WebPage\",\"@id\":\"https:\/\/golfterramar.com\/ca\/noticia\/el-torneig-dempleats-convoca-golf-i-team-building\/\",\"url\":\"https:\/\/golfterramar.com\/ca\/noticia\/el-torneig-dempleats-convoca-golf-i-team-building\/\",\"name\":\"El torneig d\u2019empleats convoca golf i \u2018team building\u2019 - Golf Terramar\",\"isPartOf\":{\"@id\":\"https:\/\/golfterramar.com\/ca\/#website\"},\"primaryImageOfPage\":{\"@id\":\"https:\/\/golfterramar.com\/ca\/noticia\/el-torneig-dempleats-convoca-golf-i-team-building\/#primaryimage\"},\"image\":{\"@id\":\"https:\/\/golfterramar.com\/ca\/noticia\/el-torneig-dempleats-convoca-golf-i-team-building\/#primaryimage\"},\"thumbnailUrl\":\"https:\/\/golfterramar.com\/wp-content\/uploads\/2024\/02\/Portada-1.jpg\",\"datePublished\":\"2024-02-08T15:34:27+00:00\",\"dateModified\":\"2024-02-08T15:35:52+00:00\",\"breadcrumb\":{\"@id\":\"https:\/\/golfterramar.com\/ca\/noticia\/el-torneig-dempleats-convoca-golf-i-team-building\/#breadcrumb\"},\"inLanguage\":\"ca\",\"potentialAction\":[{\"@type\":\"ReadAction\",\"target\":[\"https:\/\/golfterramar.com\/ca\/noticia\/el-torneig-dempleats-convoca-golf-i-team-building\/\"]}]},{\"@type\":\"ImageObject\",\"inLanguage\":\"ca\",\"@id\":\"https:\/\/golfterramar.com\/ca\/noticia\/el-torneig-dempleats-convoca-golf-i-team-building\/#primaryimage\",\"url\":\"https:\/\/golfterramar.com\/wp-content\/uploads\/2024\/02\/Portada-1.jpg\",\"contentUrl\":\"https:\/\/golfterramar.com\/wp-content\/uploads\/2024\/02\/Portada-1.jpg\",\"width\":490,\"height\":220},{\"@type\":\"BreadcrumbList\",\"@id\":\"https:\/\/golfterramar.com\/ca\/noticia\/el-torneig-dempleats-convoca-golf-i-team-building\/#breadcrumb\",\"itemListElement\":[{\"@type\":\"ListItem\",\"position\":1,\"name\":\"Portada\",\"item\":\"https:\/\/golfterramar.com\/ca\/\"},{\"@type\":\"ListItem\",\"position\":2,\"name\":\"El torneig d\u2019empleats convoca golf i \u2018team building\u2019\"}]},{\"@type\":\"WebSite\",\"@id\":\"https:\/\/golfterramar.com\/ca\/#website\",\"url\":\"https:\/\/golfterramar.com\/ca\/\",\"name\":\"Golf Terramar\",\"description\":\"\",\"potentialAction\":[{\"@type\":\"SearchAction\",\"target\":{\"@type\":\"EntryPoint\",\"urlTemplate\":\"https:\/\/golfterramar.com\/ca\/?s={search_term_string}\"},\"query-input\":{\"@type\":\"PropertyValueSpecification\",\"valueRequired\":true,\"valueName\":\"search_term_string\"}}],\"inLanguage\":\"ca\"}]}<\/script>\n<!-- \/ Yoast SEO plugin. -->","yoast_head_json":{"title":"El torneig d\u2019empleats convoca golf i \u2018team building\u2019 - Golf Terramar","robots":{"index":"index","follow":"follow","max-snippet":"max-snippet:-1","max-image-preview":"max-image-preview:large","max-video-preview":"max-video-preview:-1"},"canonical":"https:\/\/golfterramar.com\/ca\/noticia\/el-torneig-dempleats-convoca-golf-i-team-building\/","og_locale":"ca_ES","og_type":"article","og_title":"El torneig d\u2019empleats convoca golf i \u2018team building\u2019 - Golf Terramar","og_description":"El tradicional torneig de treballadors del Club es va celebrar dilluns passat, en un ambient de confraternitzaci\u00f3 i amigable competitivitat. 40 treballadors van participar en la jornada, disputada sota un sol radiant. Albert Torres Regada va ser el guanyador en la categoria de 9 forats amb llic\u00e8ncia i Sergio de Miquel a la de 9 [&hellip;]","og_url":"https:\/\/golfterramar.com\/ca\/noticia\/el-torneig-dempleats-convoca-golf-i-team-building\/","og_site_name":"Golf Terramar","article_modified_time":"2024-02-08T15:35:52+00:00","og_image":[{"width":490,"height":220,"url":"https:\/\/golfterramar.com\/wp-content\/uploads\/2024\/02\/Portada-1.jpg","type":"image\/jpeg"}],"twitter_card":"summary_large_image","twitter_misc":{"Temps estimat de lectura":"1 minut"},"schema":{"@context":"https:\/\/schema.org","@graph":[{"@type":"WebPage","@id":"https:\/\/golfterramar.com\/ca\/noticia\/el-torneig-dempleats-convoca-golf-i-team-building\/","url":"https:\/\/golfterramar.com\/ca\/noticia\/el-torneig-dempleats-convoca-golf-i-team-building\/","name":"El torneig d\u2019empleats convoca golf i \u2018team building\u2019 - Golf Terramar","isPartOf":{"@id":"https:\/\/golfterramar.com\/ca\/#website"},"primaryImageOfPage":{"@id":"https:\/\/golfterramar.com\/ca\/noticia\/el-torneig-dempleats-convoca-golf-i-team-building\/#primaryimage"},"image":{"@id":"https:\/\/golfterramar.com\/ca\/noticia\/el-torneig-dempleats-convoca-golf-i-team-building\/#primaryimage"},"thumbnailUrl":"https:\/\/golfterramar.com\/wp-content\/uploads\/2024\/02\/Portada-1.jpg","datePublished":"2024-02-08T15:34:27+00:00","dateModified":"2024-02-08T15:35:52+00:00","breadcrumb":{"@id":"https:\/\/golfterramar.com\/ca\/noticia\/el-torneig-dempleats-convoca-golf-i-team-building\/#breadcrumb"},"inLanguage":"ca","potentialAction":[{"@type":"ReadAction","target":["https:\/\/golfterramar.com\/ca\/noticia\/el-torneig-dempleats-convoca-golf-i-team-building\/"]}]},{"@type":"ImageObject","inLanguage":"ca","@id":"https:\/\/golfterramar.com\/ca\/noticia\/el-torneig-dempleats-convoca-golf-i-team-building\/#primaryimage","url":"https:\/\/golfterramar.com\/wp-content\/uploads\/2024\/02\/Portada-1.jpg","contentUrl":"https:\/\/golfterramar.com\/wp-content\/uploads\/2024\/02\/Portada-1.jpg","width":490,"height":220},{"@type":"BreadcrumbList","@id":"https:\/\/golfterramar.com\/ca\/noticia\/el-torneig-dempleats-convoca-golf-i-team-building\/#breadcrumb","itemListElement":[{"@type":"ListItem","position":1,"name":"Portada","item":"https:\/\/golfterramar.com\/ca\/"},{"@type":"ListItem","position":2,"name":"El torneig d\u2019empleats convoca golf i \u2018team building\u2019"}]},{"@type":"WebSite","@id":"https:\/\/golfterramar.com\/ca\/#website","url":"https:\/\/golfterramar.com\/ca\/","name":"Golf Terramar","description":"","potentialAction":[{"@type":"SearchAction","target":{"@type":"EntryPoint","urlTemplate":"https:\/\/golfterramar.com\/ca\/?s={search_term_string}"},"query-input":{"@type":"PropertyValueSpecification","valueRequired":true,"valueName":"search_term_string"}}],"inLanguage":"ca"}]}},"_links":{"self":[{"href":"https:\/\/golfterramar.com\/ca\/wp-json\/wp\/v2\/noticia\/7662","targetHints":{"allow":["GET"]}}],"collection":[{"href":"https:\/\/golfterramar.com\/ca\/wp-json\/wp\/v2\/noticia"}],"about":[{"href":"https:\/\/golfterramar.com\/ca\/wp-json\/wp\/v2\/types\/noticia"}],"author":[{"embeddable":true,"href":"https:\/\/golfterramar.com\/ca\/wp-json\/wp\/v2\/users\/3"}],"version-history":[{"count":1,"href":"https:\/\/golfterramar.com\/ca\/wp-json\/wp\/v2\/noticia\/7662\/revisions"}],"predecessor-version":[{"id":7663,"href":"https:\/\/golfterramar.com\/ca\/wp-json\/wp\/v2\/noticia\/7662\/revisions\/7663"}],"wp:featuredmedia":[{"embeddable":true,"href":"https:\/\/golfterramar.com\/ca\/wp-json\/wp\/v2\/media\/7658"}],"wp:attachment":[{"href":"https:\/\/golfterramar.com\/ca\/wp-json\/wp\/v2\/media?parent=7662"}],"wp:term":[{"taxonomy":"category","embeddable":true,"href":"https:\/\/golfterramar.com\/ca\/wp-json\/wp\/v2\/categories?post=7662"}],"curies":[{"name":"wp","href":"https:\/\/api.w.org\/{rel}","templated":true}]}}