{"id":8946,"date":"2024-10-13T18:15:19","date_gmt":"2024-10-13T17:15:19","guid":{"rendered":"https:\/\/golfterramar.com\/?post_type=noticia&#038;p=8946"},"modified":"2024-10-13T18:17:12","modified_gmt":"2024-10-13T17:17:12","slug":"philippe-bach-y-ma-carmen-floran-sextos-en-el-campeonato-de-espana-dobles-senior-mixto","status":"publish","type":"noticia","link":"https:\/\/golfterramar.com\/ca\/noticia\/philippe-bach-y-ma-carmen-floran-sextos-en-el-campeonato-de-espana-dobles-senior-mixto\/","title":{"rendered":"Philippe Bach i M\u00aa Carmen Flor\u00e1n, sisens en el Campionat d\u2019Espanya Dobles S\u00e8nior Mitxe"},"content":{"rendered":"\n<figure class=\"wp-block-image size-large\"><img loading=\"lazy\" decoding=\"async\" width=\"1366\" height=\"1158\" src=\"https:\/\/golfterramar.com\/wp-content\/uploads\/2024\/10\/000227a2-6908-4835-a8fb-31286cc0508b-copia-1366x1158.jpg\" alt=\"\" class=\"wp-image-8947\" srcset=\"https:\/\/golfterramar.com\/wp-content\/uploads\/2024\/10\/000227a2-6908-4835-a8fb-31286cc0508b-copia-1366x1158.jpg 1366w, https:\/\/golfterramar.com\/wp-content\/uploads\/2024\/10\/000227a2-6908-4835-a8fb-31286cc0508b-copia-600x509.jpg 600w, https:\/\/golfterramar.com\/wp-content\/uploads\/2024\/10\/000227a2-6908-4835-a8fb-31286cc0508b-copia-768x651.jpg 768w, https:\/\/golfterramar.com\/wp-content\/uploads\/2024\/10\/000227a2-6908-4835-a8fb-31286cc0508b-copia.jpg 1512w\" sizes=\"auto, (max-width: 1366px) 100vw, 1366px\" \/><\/figure>\n\n\n\n<p>El Campionat d&#8217;Espanya Dobles S\u00e8nior Mixt, celebrat aquest cap de setmana al camp navarr\u00e8s d&#8217;Ulzama, ha comptat amb doble participaci\u00f3 de Terramar: d&#8217;una banda, Philippe Bach i M\u00aa Carmen Flor\u00e1n i, de l&#8217;altra, Giovanna Monta\u00f1o i Carlos Sauret.<br><br>Philippe Bach i M\u00aa Carmen Flor\u00e1n han aconseguit una merit\u00f2ria sisena pla\u00e7a entre les 44 parelles participants. Van finalitzar la primera jornada, ahir dissabte, en dotzena posici\u00f3 i avui han progressat notablement, gr\u00e0cies a una segona volta excel\u00b7lent. En total, han signat 154 cops. Per la seva banda, Giovanna Monta\u00f1o i Carlos Sauret han fet 178 cops. La parella guanyadora ha estat la formada per Carlos Ortega (Bellavista) i Mar\u00eda Castillo (RCG Las Palmas), que han aconseguit 141 cops i que avui han aconseguit mantenir la primera pla\u00e7a signada ahir.<\/p>\n\n\n\n<p>El format del torneig ha estat a 36 forats stroke play scratch, ahir sota modalitat fourball i avui greensome.<\/p>\n","protected":false},"author":3,"featured_media":8947,"template":"","categories":[65],"class_list":["post-8946","noticia","type-noticia","status-publish","has-post-thumbnail","hentry","category-competiciones-ca"],"acf":[],"yoast_head":"<!-- This site is optimized with the Yoast SEO plugin v24.9 - https:\/\/yoast.com\/wordpress\/plugins\/seo\/ -->\n<title>Philippe Bach i M\u00aa Carmen Flor\u00e1n, sisens en el Campionat d\u2019Espanya Dobles S\u00e8nior Mitxe - Golf Terramar<\/title>\n<meta name=\"robots\" content=\"index, follow, max-snippet:-1, max-image-preview:large, max-video-preview:-1\" \/>\n<link rel=\"canonical\" href=\"https:\/\/golfterramar.com\/ca\/noticia\/philippe-bach-y-ma-carmen-floran-sextos-en-el-campeonato-de-espana-dobles-senior-mixto\/\" \/>\n<meta property=\"og:locale\" content=\"ca_ES\" \/>\n<meta property=\"og:type\" content=\"article\" \/>\n<meta property=\"og:title\" content=\"Philippe Bach i M\u00aa Carmen Flor\u00e1n, sisens en el Campionat d\u2019Espanya Dobles S\u00e8nior Mitxe - Golf Terramar\" \/>\n<meta property=\"og:description\" content=\"El Campionat d&#8217;Espanya Dobles S\u00e8nior Mixt, celebrat aquest cap de setmana al camp navarr\u00e8s d&#8217;Ulzama, ha comptat amb doble participaci\u00f3 de Terramar: d&#8217;una banda, Philippe Bach i M\u00aa Carmen Flor\u00e1n i, de l&#8217;altra, Giovanna Monta\u00f1o i Carlos Sauret. Philippe Bach i M\u00aa Carmen Flor\u00e1n han aconseguit una merit\u00f2ria sisena pla\u00e7a entre les 44 parelles participants. [&hellip;]\" \/>\n<meta property=\"og:url\" content=\"https:\/\/golfterramar.com\/ca\/noticia\/philippe-bach-y-ma-carmen-floran-sextos-en-el-campeonato-de-espana-dobles-senior-mixto\/\" \/>\n<meta property=\"og:site_name\" content=\"Golf Terramar\" \/>\n<meta property=\"article:modified_time\" content=\"2024-10-13T17:17:12+00:00\" \/>\n<meta property=\"og:image\" content=\"https:\/\/golfterramar.com\/wp-content\/uploads\/2024\/10\/000227a2-6908-4835-a8fb-31286cc0508b-copia.jpg\" \/>\n\t<meta property=\"og:image:width\" content=\"1512\" \/>\n\t<meta property=\"og:image:height\" content=\"1282\" \/>\n\t<meta property=\"og:image:type\" content=\"image\/jpeg\" \/>\n<meta name=\"twitter:card\" content=\"summary_large_image\" \/>\n<meta name=\"twitter:label1\" content=\"Temps estimat de lectura\" \/>\n\t<meta name=\"twitter:data1\" content=\"2 minuts\" \/>\n<script type=\"application\/ld+json\" class=\"yoast-schema-graph\">{\"@context\":\"https:\/\/schema.org\",\"@graph\":[{\"@type\":\"WebPage\",\"@id\":\"https:\/\/golfterramar.com\/ca\/noticia\/philippe-bach-y-ma-carmen-floran-sextos-en-el-campeonato-de-espana-dobles-senior-mixto\/\",\"url\":\"https:\/\/golfterramar.com\/ca\/noticia\/philippe-bach-y-ma-carmen-floran-sextos-en-el-campeonato-de-espana-dobles-senior-mixto\/\",\"name\":\"Philippe Bach i M\u00aa Carmen Flor\u00e1n, sisens en el Campionat d\u2019Espanya Dobles S\u00e8nior Mitxe - Golf Terramar\",\"isPartOf\":{\"@id\":\"https:\/\/golfterramar.com\/ca\/#website\"},\"primaryImageOfPage\":{\"@id\":\"https:\/\/golfterramar.com\/ca\/noticia\/philippe-bach-y-ma-carmen-floran-sextos-en-el-campeonato-de-espana-dobles-senior-mixto\/#primaryimage\"},\"image\":{\"@id\":\"https:\/\/golfterramar.com\/ca\/noticia\/philippe-bach-y-ma-carmen-floran-sextos-en-el-campeonato-de-espana-dobles-senior-mixto\/#primaryimage\"},\"thumbnailUrl\":\"https:\/\/golfterramar.com\/wp-content\/uploads\/2024\/10\/000227a2-6908-4835-a8fb-31286cc0508b-copia.jpg\",\"datePublished\":\"2024-10-13T17:15:19+00:00\",\"dateModified\":\"2024-10-13T17:17:12+00:00\",\"breadcrumb\":{\"@id\":\"https:\/\/golfterramar.com\/ca\/noticia\/philippe-bach-y-ma-carmen-floran-sextos-en-el-campeonato-de-espana-dobles-senior-mixto\/#breadcrumb\"},\"inLanguage\":\"ca\",\"potentialAction\":[{\"@type\":\"ReadAction\",\"target\":[\"https:\/\/golfterramar.com\/ca\/noticia\/philippe-bach-y-ma-carmen-floran-sextos-en-el-campeonato-de-espana-dobles-senior-mixto\/\"]}]},{\"@type\":\"ImageObject\",\"inLanguage\":\"ca\",\"@id\":\"https:\/\/golfterramar.com\/ca\/noticia\/philippe-bach-y-ma-carmen-floran-sextos-en-el-campeonato-de-espana-dobles-senior-mixto\/#primaryimage\",\"url\":\"https:\/\/golfterramar.com\/wp-content\/uploads\/2024\/10\/000227a2-6908-4835-a8fb-31286cc0508b-copia.jpg\",\"contentUrl\":\"https:\/\/golfterramar.com\/wp-content\/uploads\/2024\/10\/000227a2-6908-4835-a8fb-31286cc0508b-copia.jpg\",\"width\":1512,\"height\":1282},{\"@type\":\"BreadcrumbList\",\"@id\":\"https:\/\/golfterramar.com\/ca\/noticia\/philippe-bach-y-ma-carmen-floran-sextos-en-el-campeonato-de-espana-dobles-senior-mixto\/#breadcrumb\",\"itemListElement\":[{\"@type\":\"ListItem\",\"position\":1,\"name\":\"Portada\",\"item\":\"https:\/\/golfterramar.com\/ca\/\"},{\"@type\":\"ListItem\",\"position\":2,\"name\":\"Philippe Bach i M\u00aa Carmen Flor\u00e1n, sisens en el Campionat d\u2019Espanya Dobles S\u00e8nior Mitxe\"}]},{\"@type\":\"WebSite\",\"@id\":\"https:\/\/golfterramar.com\/ca\/#website\",\"url\":\"https:\/\/golfterramar.com\/ca\/\",\"name\":\"Golf Terramar\",\"description\":\"\",\"potentialAction\":[{\"@type\":\"SearchAction\",\"target\":{\"@type\":\"EntryPoint\",\"urlTemplate\":\"https:\/\/golfterramar.com\/ca\/?s={search_term_string}\"},\"query-input\":{\"@type\":\"PropertyValueSpecification\",\"valueRequired\":true,\"valueName\":\"search_term_string\"}}],\"inLanguage\":\"ca\"}]}<\/script>\n<!-- \/ Yoast SEO plugin. -->","yoast_head_json":{"title":"Philippe Bach i M\u00aa Carmen Flor\u00e1n, sisens en el Campionat d\u2019Espanya Dobles S\u00e8nior Mitxe - Golf Terramar","robots":{"index":"index","follow":"follow","max-snippet":"max-snippet:-1","max-image-preview":"max-image-preview:large","max-video-preview":"max-video-preview:-1"},"canonical":"https:\/\/golfterramar.com\/ca\/noticia\/philippe-bach-y-ma-carmen-floran-sextos-en-el-campeonato-de-espana-dobles-senior-mixto\/","og_locale":"ca_ES","og_type":"article","og_title":"Philippe Bach i M\u00aa Carmen Flor\u00e1n, sisens en el Campionat d\u2019Espanya Dobles S\u00e8nior Mitxe - Golf Terramar","og_description":"El Campionat d&#8217;Espanya Dobles S\u00e8nior Mixt, celebrat aquest cap de setmana al camp navarr\u00e8s d&#8217;Ulzama, ha comptat amb doble participaci\u00f3 de Terramar: d&#8217;una banda, Philippe Bach i M\u00aa Carmen Flor\u00e1n i, de l&#8217;altra, Giovanna Monta\u00f1o i Carlos Sauret. Philippe Bach i M\u00aa Carmen Flor\u00e1n han aconseguit una merit\u00f2ria sisena pla\u00e7a entre les 44 parelles participants. [&hellip;]","og_url":"https:\/\/golfterramar.com\/ca\/noticia\/philippe-bach-y-ma-carmen-floran-sextos-en-el-campeonato-de-espana-dobles-senior-mixto\/","og_site_name":"Golf Terramar","article_modified_time":"2024-10-13T17:17:12+00:00","og_image":[{"width":1512,"height":1282,"url":"https:\/\/golfterramar.com\/wp-content\/uploads\/2024\/10\/000227a2-6908-4835-a8fb-31286cc0508b-copia.jpg","type":"image\/jpeg"}],"twitter_card":"summary_large_image","twitter_misc":{"Temps estimat de lectura":"2 minuts"},"schema":{"@context":"https:\/\/schema.org","@graph":[{"@type":"WebPage","@id":"https:\/\/golfterramar.com\/ca\/noticia\/philippe-bach-y-ma-carmen-floran-sextos-en-el-campeonato-de-espana-dobles-senior-mixto\/","url":"https:\/\/golfterramar.com\/ca\/noticia\/philippe-bach-y-ma-carmen-floran-sextos-en-el-campeonato-de-espana-dobles-senior-mixto\/","name":"Philippe Bach i M\u00aa Carmen Flor\u00e1n, sisens en el Campionat d\u2019Espanya Dobles S\u00e8nior Mitxe - Golf Terramar","isPartOf":{"@id":"https:\/\/golfterramar.com\/ca\/#website"},"primaryImageOfPage":{"@id":"https:\/\/golfterramar.com\/ca\/noticia\/philippe-bach-y-ma-carmen-floran-sextos-en-el-campeonato-de-espana-dobles-senior-mixto\/#primaryimage"},"image":{"@id":"https:\/\/golfterramar.com\/ca\/noticia\/philippe-bach-y-ma-carmen-floran-sextos-en-el-campeonato-de-espana-dobles-senior-mixto\/#primaryimage"},"thumbnailUrl":"https:\/\/golfterramar.com\/wp-content\/uploads\/2024\/10\/000227a2-6908-4835-a8fb-31286cc0508b-copia.jpg","datePublished":"2024-10-13T17:15:19+00:00","dateModified":"2024-10-13T17:17:12+00:00","breadcrumb":{"@id":"https:\/\/golfterramar.com\/ca\/noticia\/philippe-bach-y-ma-carmen-floran-sextos-en-el-campeonato-de-espana-dobles-senior-mixto\/#breadcrumb"},"inLanguage":"ca","potentialAction":[{"@type":"ReadAction","target":["https:\/\/golfterramar.com\/ca\/noticia\/philippe-bach-y-ma-carmen-floran-sextos-en-el-campeonato-de-espana-dobles-senior-mixto\/"]}]},{"@type":"ImageObject","inLanguage":"ca","@id":"https:\/\/golfterramar.com\/ca\/noticia\/philippe-bach-y-ma-carmen-floran-sextos-en-el-campeonato-de-espana-dobles-senior-mixto\/#primaryimage","url":"https:\/\/golfterramar.com\/wp-content\/uploads\/2024\/10\/000227a2-6908-4835-a8fb-31286cc0508b-copia.jpg","contentUrl":"https:\/\/golfterramar.com\/wp-content\/uploads\/2024\/10\/000227a2-6908-4835-a8fb-31286cc0508b-copia.jpg","width":1512,"height":1282},{"@type":"BreadcrumbList","@id":"https:\/\/golfterramar.com\/ca\/noticia\/philippe-bach-y-ma-carmen-floran-sextos-en-el-campeonato-de-espana-dobles-senior-mixto\/#breadcrumb","itemListElement":[{"@type":"ListItem","position":1,"name":"Portada","item":"https:\/\/golfterramar.com\/ca\/"},{"@type":"ListItem","position":2,"name":"Philippe Bach i M\u00aa Carmen Flor\u00e1n, sisens en el Campionat d\u2019Espanya Dobles S\u00e8nior Mitxe"}]},{"@type":"WebSite","@id":"https:\/\/golfterramar.com\/ca\/#website","url":"https:\/\/golfterramar.com\/ca\/","name":"Golf Terramar","description":"","potentialAction":[{"@type":"SearchAction","target":{"@type":"EntryPoint","urlTemplate":"https:\/\/golfterramar.com\/ca\/?s={search_term_string}"},"query-input":{"@type":"PropertyValueSpecification","valueRequired":true,"valueName":"search_term_string"}}],"inLanguage":"ca"}]}},"_links":{"self":[{"href":"https:\/\/golfterramar.com\/ca\/wp-json\/wp\/v2\/noticia\/8946","targetHints":{"allow":["GET"]}}],"collection":[{"href":"https:\/\/golfterramar.com\/ca\/wp-json\/wp\/v2\/noticia"}],"about":[{"href":"https:\/\/golfterramar.com\/ca\/wp-json\/wp\/v2\/types\/noticia"}],"author":[{"embeddable":true,"href":"https:\/\/golfterramar.com\/ca\/wp-json\/wp\/v2\/users\/3"}],"version-history":[{"count":2,"href":"https:\/\/golfterramar.com\/ca\/wp-json\/wp\/v2\/noticia\/8946\/revisions"}],"predecessor-version":[{"id":8951,"href":"https:\/\/golfterramar.com\/ca\/wp-json\/wp\/v2\/noticia\/8946\/revisions\/8951"}],"wp:featuredmedia":[{"embeddable":true,"href":"https:\/\/golfterramar.com\/ca\/wp-json\/wp\/v2\/media\/8947"}],"wp:attachment":[{"href":"https:\/\/golfterramar.com\/ca\/wp-json\/wp\/v2\/media?parent=8946"}],"wp:term":[{"taxonomy":"category","embeddable":true,"href":"https:\/\/golfterramar.com\/ca\/wp-json\/wp\/v2\/categories?post=8946"}],"curies":[{"name":"wp","href":"https:\/\/api.w.org\/{rel}","templated":true}]}}