{"id":9144,"date":"2024-11-22T14:17:51","date_gmt":"2024-11-22T13:17:51","guid":{"rendered":"https:\/\/golfterramar.com\/?post_type=noticia&#038;p=9144"},"modified":"2024-11-22T14:18:49","modified_gmt":"2024-11-22T13:18:49","slug":"francisco-i-ruben-se-sumen-a-lequip-del-club-de-golf-terramar-gracies-al-programa-timol","status":"publish","type":"noticia","link":"https:\/\/golfterramar.com\/ca\/noticia\/francisco-i-ruben-se-sumen-a-lequip-del-club-de-golf-terramar-gracies-al-programa-timol\/","title":{"rendered":"Francisco i Rub\u00e9n se sumen a l\u2019equip del Club de Golf Terramar gr\u00e0cies al programa Timol"},"content":{"rendered":"\n<figure class=\"wp-block-image size-full\"><img loading=\"lazy\" decoding=\"async\" width=\"1191\" height=\"893\" src=\"https:\/\/golfterramar.com\/wp-content\/uploads\/2024\/11\/2.jpg\" alt=\"\" class=\"wp-image-9141\" srcset=\"https:\/\/golfterramar.com\/wp-content\/uploads\/2024\/11\/2.jpg 1191w, https:\/\/golfterramar.com\/wp-content\/uploads\/2024\/11\/2-600x450.jpg 600w, https:\/\/golfterramar.com\/wp-content\/uploads\/2024\/11\/2-768x576.jpg 768w\" sizes=\"auto, (max-width: 1191px) 100vw, 1191px\" \/><\/figure>\n\n\n\n<p>Francisco i Rub\u00e9n s&#8217;han incorporat recentment a la plantilla del Club de Golf Terramar, de la m\u00e0 del programa Timol, una iniciativa de l&#8217;Institut Municipal de Treball i Educaci\u00f3 de Vilanova, que t\u00e9 com a objectiu la inclusi\u00f3 de persones amb discapacitat intel\u00b7lectual al mercat laboral. \u00c9s la tercera vegada que el Club tanca un acord amb aquesta instituci\u00f3 per a fomentar oportunitats a l&#8217;\u00e0mbit del treball.<br><br>Francisco treballa en l&#8217;\u00e0rea de manteniment del Club. Les tasques s\u00f3n diverses: reparacions, millores i suport a la resta de membres de l&#8217;equip. Per la seva banda, Rub\u00e9n \u00e9s a la porta d&#8217;entrada al Club, on controla els accessos i que tot funcioni correctament en aquest punt.<br><br>Tots dos subratllen la seva il\u00b7lusi\u00f3 per haver-se incorporat a l&#8217;equip del Club i poder contribuir a amb entusiasme al funcionament de les instal\u00b7lacions. La seva integraci\u00f3 a l&#8217;equip ha resultat satisfact\u00f2ria i suposa una aportaci\u00f3 de valor significatiu.<\/p>\n","protected":false},"author":3,"featured_media":9141,"template":"","categories":[],"class_list":["post-9144","noticia","type-noticia","status-publish","has-post-thumbnail","hentry"],"acf":[],"yoast_head":"<!-- This site is optimized with the Yoast SEO plugin v24.9 - https:\/\/yoast.com\/wordpress\/plugins\/seo\/ -->\n<title>Francisco i Rub\u00e9n se sumen a l\u2019equip del Club de Golf Terramar gr\u00e0cies al programa Timol - Golf Terramar<\/title>\n<meta name=\"robots\" content=\"index, follow, max-snippet:-1, max-image-preview:large, max-video-preview:-1\" \/>\n<link rel=\"canonical\" href=\"https:\/\/golfterramar.com\/ca\/noticia\/francisco-i-ruben-se-sumen-a-lequip-del-club-de-golf-terramar-gracies-al-programa-timol\/\" \/>\n<meta property=\"og:locale\" content=\"ca_ES\" \/>\n<meta property=\"og:type\" content=\"article\" \/>\n<meta property=\"og:title\" content=\"Francisco i Rub\u00e9n se sumen a l\u2019equip del Club de Golf Terramar gr\u00e0cies al programa Timol - Golf Terramar\" \/>\n<meta property=\"og:description\" content=\"Francisco i Rub\u00e9n s&#8217;han incorporat recentment a la plantilla del Club de Golf Terramar, de la m\u00e0 del programa Timol, una iniciativa de l&#8217;Institut Municipal de Treball i Educaci\u00f3 de Vilanova, que t\u00e9 com a objectiu la inclusi\u00f3 de persones amb discapacitat intel\u00b7lectual al mercat laboral. \u00c9s la tercera vegada que el Club tanca un [&hellip;]\" \/>\n<meta property=\"og:url\" content=\"https:\/\/golfterramar.com\/ca\/noticia\/francisco-i-ruben-se-sumen-a-lequip-del-club-de-golf-terramar-gracies-al-programa-timol\/\" \/>\n<meta property=\"og:site_name\" content=\"Golf Terramar\" \/>\n<meta property=\"article:modified_time\" content=\"2024-11-22T13:18:49+00:00\" \/>\n<meta property=\"og:image\" content=\"https:\/\/golfterramar.com\/wp-content\/uploads\/2024\/11\/2.jpg\" \/>\n\t<meta property=\"og:image:width\" content=\"1191\" \/>\n\t<meta property=\"og:image:height\" content=\"893\" \/>\n\t<meta property=\"og:image:type\" content=\"image\/jpeg\" \/>\n<meta name=\"twitter:card\" content=\"summary_large_image\" \/>\n<meta name=\"twitter:label1\" content=\"Temps estimat de lectura\" \/>\n\t<meta name=\"twitter:data1\" content=\"2 minuts\" \/>\n<script type=\"application\/ld+json\" class=\"yoast-schema-graph\">{\"@context\":\"https:\/\/schema.org\",\"@graph\":[{\"@type\":\"WebPage\",\"@id\":\"https:\/\/golfterramar.com\/ca\/noticia\/francisco-i-ruben-se-sumen-a-lequip-del-club-de-golf-terramar-gracies-al-programa-timol\/\",\"url\":\"https:\/\/golfterramar.com\/ca\/noticia\/francisco-i-ruben-se-sumen-a-lequip-del-club-de-golf-terramar-gracies-al-programa-timol\/\",\"name\":\"Francisco i Rub\u00e9n se sumen a l\u2019equip del Club de Golf Terramar gr\u00e0cies al programa Timol - Golf Terramar\",\"isPartOf\":{\"@id\":\"https:\/\/golfterramar.com\/ca\/#website\"},\"primaryImageOfPage\":{\"@id\":\"https:\/\/golfterramar.com\/ca\/noticia\/francisco-i-ruben-se-sumen-a-lequip-del-club-de-golf-terramar-gracies-al-programa-timol\/#primaryimage\"},\"image\":{\"@id\":\"https:\/\/golfterramar.com\/ca\/noticia\/francisco-i-ruben-se-sumen-a-lequip-del-club-de-golf-terramar-gracies-al-programa-timol\/#primaryimage\"},\"thumbnailUrl\":\"https:\/\/golfterramar.com\/wp-content\/uploads\/2024\/11\/2.jpg\",\"datePublished\":\"2024-11-22T13:17:51+00:00\",\"dateModified\":\"2024-11-22T13:18:49+00:00\",\"breadcrumb\":{\"@id\":\"https:\/\/golfterramar.com\/ca\/noticia\/francisco-i-ruben-se-sumen-a-lequip-del-club-de-golf-terramar-gracies-al-programa-timol\/#breadcrumb\"},\"inLanguage\":\"ca\",\"potentialAction\":[{\"@type\":\"ReadAction\",\"target\":[\"https:\/\/golfterramar.com\/ca\/noticia\/francisco-i-ruben-se-sumen-a-lequip-del-club-de-golf-terramar-gracies-al-programa-timol\/\"]}]},{\"@type\":\"ImageObject\",\"inLanguage\":\"ca\",\"@id\":\"https:\/\/golfterramar.com\/ca\/noticia\/francisco-i-ruben-se-sumen-a-lequip-del-club-de-golf-terramar-gracies-al-programa-timol\/#primaryimage\",\"url\":\"https:\/\/golfterramar.com\/wp-content\/uploads\/2024\/11\/2.jpg\",\"contentUrl\":\"https:\/\/golfterramar.com\/wp-content\/uploads\/2024\/11\/2.jpg\",\"width\":1191,\"height\":893},{\"@type\":\"BreadcrumbList\",\"@id\":\"https:\/\/golfterramar.com\/ca\/noticia\/francisco-i-ruben-se-sumen-a-lequip-del-club-de-golf-terramar-gracies-al-programa-timol\/#breadcrumb\",\"itemListElement\":[{\"@type\":\"ListItem\",\"position\":1,\"name\":\"Portada\",\"item\":\"https:\/\/golfterramar.com\/ca\/\"},{\"@type\":\"ListItem\",\"position\":2,\"name\":\"Francisco i Rub\u00e9n se sumen a l\u2019equip del Club de Golf Terramar gr\u00e0cies al programa Timol\"}]},{\"@type\":\"WebSite\",\"@id\":\"https:\/\/golfterramar.com\/ca\/#website\",\"url\":\"https:\/\/golfterramar.com\/ca\/\",\"name\":\"Golf Terramar\",\"description\":\"\",\"potentialAction\":[{\"@type\":\"SearchAction\",\"target\":{\"@type\":\"EntryPoint\",\"urlTemplate\":\"https:\/\/golfterramar.com\/ca\/?s={search_term_string}\"},\"query-input\":{\"@type\":\"PropertyValueSpecification\",\"valueRequired\":true,\"valueName\":\"search_term_string\"}}],\"inLanguage\":\"ca\"}]}<\/script>\n<!-- \/ Yoast SEO plugin. -->","yoast_head_json":{"title":"Francisco i Rub\u00e9n se sumen a l\u2019equip del Club de Golf Terramar gr\u00e0cies al programa Timol - Golf Terramar","robots":{"index":"index","follow":"follow","max-snippet":"max-snippet:-1","max-image-preview":"max-image-preview:large","max-video-preview":"max-video-preview:-1"},"canonical":"https:\/\/golfterramar.com\/ca\/noticia\/francisco-i-ruben-se-sumen-a-lequip-del-club-de-golf-terramar-gracies-al-programa-timol\/","og_locale":"ca_ES","og_type":"article","og_title":"Francisco i Rub\u00e9n se sumen a l\u2019equip del Club de Golf Terramar gr\u00e0cies al programa Timol - Golf Terramar","og_description":"Francisco i Rub\u00e9n s&#8217;han incorporat recentment a la plantilla del Club de Golf Terramar, de la m\u00e0 del programa Timol, una iniciativa de l&#8217;Institut Municipal de Treball i Educaci\u00f3 de Vilanova, que t\u00e9 com a objectiu la inclusi\u00f3 de persones amb discapacitat intel\u00b7lectual al mercat laboral. \u00c9s la tercera vegada que el Club tanca un [&hellip;]","og_url":"https:\/\/golfterramar.com\/ca\/noticia\/francisco-i-ruben-se-sumen-a-lequip-del-club-de-golf-terramar-gracies-al-programa-timol\/","og_site_name":"Golf Terramar","article_modified_time":"2024-11-22T13:18:49+00:00","og_image":[{"width":1191,"height":893,"url":"https:\/\/golfterramar.com\/wp-content\/uploads\/2024\/11\/2.jpg","type":"image\/jpeg"}],"twitter_card":"summary_large_image","twitter_misc":{"Temps estimat de lectura":"2 minuts"},"schema":{"@context":"https:\/\/schema.org","@graph":[{"@type":"WebPage","@id":"https:\/\/golfterramar.com\/ca\/noticia\/francisco-i-ruben-se-sumen-a-lequip-del-club-de-golf-terramar-gracies-al-programa-timol\/","url":"https:\/\/golfterramar.com\/ca\/noticia\/francisco-i-ruben-se-sumen-a-lequip-del-club-de-golf-terramar-gracies-al-programa-timol\/","name":"Francisco i Rub\u00e9n se sumen a l\u2019equip del Club de Golf Terramar gr\u00e0cies al programa Timol - Golf Terramar","isPartOf":{"@id":"https:\/\/golfterramar.com\/ca\/#website"},"primaryImageOfPage":{"@id":"https:\/\/golfterramar.com\/ca\/noticia\/francisco-i-ruben-se-sumen-a-lequip-del-club-de-golf-terramar-gracies-al-programa-timol\/#primaryimage"},"image":{"@id":"https:\/\/golfterramar.com\/ca\/noticia\/francisco-i-ruben-se-sumen-a-lequip-del-club-de-golf-terramar-gracies-al-programa-timol\/#primaryimage"},"thumbnailUrl":"https:\/\/golfterramar.com\/wp-content\/uploads\/2024\/11\/2.jpg","datePublished":"2024-11-22T13:17:51+00:00","dateModified":"2024-11-22T13:18:49+00:00","breadcrumb":{"@id":"https:\/\/golfterramar.com\/ca\/noticia\/francisco-i-ruben-se-sumen-a-lequip-del-club-de-golf-terramar-gracies-al-programa-timol\/#breadcrumb"},"inLanguage":"ca","potentialAction":[{"@type":"ReadAction","target":["https:\/\/golfterramar.com\/ca\/noticia\/francisco-i-ruben-se-sumen-a-lequip-del-club-de-golf-terramar-gracies-al-programa-timol\/"]}]},{"@type":"ImageObject","inLanguage":"ca","@id":"https:\/\/golfterramar.com\/ca\/noticia\/francisco-i-ruben-se-sumen-a-lequip-del-club-de-golf-terramar-gracies-al-programa-timol\/#primaryimage","url":"https:\/\/golfterramar.com\/wp-content\/uploads\/2024\/11\/2.jpg","contentUrl":"https:\/\/golfterramar.com\/wp-content\/uploads\/2024\/11\/2.jpg","width":1191,"height":893},{"@type":"BreadcrumbList","@id":"https:\/\/golfterramar.com\/ca\/noticia\/francisco-i-ruben-se-sumen-a-lequip-del-club-de-golf-terramar-gracies-al-programa-timol\/#breadcrumb","itemListElement":[{"@type":"ListItem","position":1,"name":"Portada","item":"https:\/\/golfterramar.com\/ca\/"},{"@type":"ListItem","position":2,"name":"Francisco i Rub\u00e9n se sumen a l\u2019equip del Club de Golf Terramar gr\u00e0cies al programa Timol"}]},{"@type":"WebSite","@id":"https:\/\/golfterramar.com\/ca\/#website","url":"https:\/\/golfterramar.com\/ca\/","name":"Golf Terramar","description":"","potentialAction":[{"@type":"SearchAction","target":{"@type":"EntryPoint","urlTemplate":"https:\/\/golfterramar.com\/ca\/?s={search_term_string}"},"query-input":{"@type":"PropertyValueSpecification","valueRequired":true,"valueName":"search_term_string"}}],"inLanguage":"ca"}]}},"_links":{"self":[{"href":"https:\/\/golfterramar.com\/ca\/wp-json\/wp\/v2\/noticia\/9144","targetHints":{"allow":["GET"]}}],"collection":[{"href":"https:\/\/golfterramar.com\/ca\/wp-json\/wp\/v2\/noticia"}],"about":[{"href":"https:\/\/golfterramar.com\/ca\/wp-json\/wp\/v2\/types\/noticia"}],"author":[{"embeddable":true,"href":"https:\/\/golfterramar.com\/ca\/wp-json\/wp\/v2\/users\/3"}],"version-history":[{"count":1,"href":"https:\/\/golfterramar.com\/ca\/wp-json\/wp\/v2\/noticia\/9144\/revisions"}],"predecessor-version":[{"id":9145,"href":"https:\/\/golfterramar.com\/ca\/wp-json\/wp\/v2\/noticia\/9144\/revisions\/9145"}],"wp:featuredmedia":[{"embeddable":true,"href":"https:\/\/golfterramar.com\/ca\/wp-json\/wp\/v2\/media\/9141"}],"wp:attachment":[{"href":"https:\/\/golfterramar.com\/ca\/wp-json\/wp\/v2\/media?parent=9144"}],"wp:term":[{"taxonomy":"category","embeddable":true,"href":"https:\/\/golfterramar.com\/ca\/wp-json\/wp\/v2\/categories?post=9144"}],"curies":[{"name":"wp","href":"https:\/\/api.w.org\/{rel}","templated":true}]}}