{"id":9288,"date":"2025-01-19T08:36:44","date_gmt":"2025-01-19T07:36:44","guid":{"rendered":"https:\/\/golfterramar.com\/?post_type=noticia&#038;p=9288"},"modified":"2025-01-19T08:38:12","modified_gmt":"2025-01-19T07:38:12","slug":"el-pro-am-garcia-munte-inaugura-el-calendari-del-2025-amb-qualitat","status":"publish","type":"noticia","link":"https:\/\/golfterramar.com\/ca\/noticia\/el-pro-am-garcia-munte-inaugura-el-calendari-del-2025-amb-qualitat\/","title":{"rendered":"El Pro \u2013 AM Garc\u00eda-Munt\u00e9 inaugura el calendari del 2025 amb qualitat"},"content":{"rendered":"\n<p>El Torneig Pro \u2013 Am Familia Garc\u00eda-Munt\u00e9 s&#8217;ha jugat aquest divendres i dissabte al Club de Golf Terramar amb una elevada participaci\u00f3 i qualitat. Un total de 31 equips (7 el primer dia i 24 el segon) han integrat el cartell, que ha ofert moments estel\u00b7lars. Entre els 124 jugadors hi havia 31 pros i 93 amateurs.<\/p>\n\n\n\n<p>L&#8217;equip guanyador ha estat el format per Albert Boneta Cam\u00ed (pro), Juan Fradera Gonz\u00e1lez, Max Nebot Marsol i V\u00edctor Garc\u00eda-Munt\u00e9 Ballest\u00e9, que s&#8217;han anotat 125 punts, els mateixos que el segon classificat, integrat per Rafael Gallardo Morcillo, Francisco Javier Pag\u00e8s Oliv\u00e1n, Merc\u00e8 Marco Blasco i Agust\u00edn Mart\u00ednez Maestro.<\/p>\n\n\n\n<p>La millor volta ha estat per a Albert Boneta Cam\u00ed, amb 64 \u200b\u200bcops, i la segona per a Mireia Prat, amb 66.<\/p>\n\n\n\n<figure class=\"wp-block-image size-large\"><img loading=\"lazy\" decoding=\"async\" width=\"1366\" height=\"1217\" src=\"https:\/\/golfterramar.com\/wp-content\/uploads\/2025\/01\/1-copia-1366x1217.jpg\" alt=\"\" class=\"wp-image-9285\" srcset=\"https:\/\/golfterramar.com\/wp-content\/uploads\/2025\/01\/1-copia-1366x1217.jpg 1366w, https:\/\/golfterramar.com\/wp-content\/uploads\/2025\/01\/1-copia-600x534.jpg 600w, https:\/\/golfterramar.com\/wp-content\/uploads\/2025\/01\/1-copia-768x684.jpg 768w, https:\/\/golfterramar.com\/wp-content\/uploads\/2025\/01\/1-copia.jpg 1536w\" sizes=\"auto, (max-width: 1366px) 100vw, 1366px\" \/><\/figure>\n","protected":false},"author":3,"featured_media":9285,"template":"","categories":[65],"class_list":["post-9288","noticia","type-noticia","status-publish","has-post-thumbnail","hentry","category-competiciones-ca"],"acf":[],"yoast_head":"<!-- This site is optimized with the Yoast SEO plugin v24.9 - https:\/\/yoast.com\/wordpress\/plugins\/seo\/ -->\n<title>El Pro \u2013 AM Garc\u00eda-Munt\u00e9 inaugura el calendari del 2025 amb qualitat - Golf Terramar<\/title>\n<meta name=\"robots\" content=\"index, follow, max-snippet:-1, max-image-preview:large, max-video-preview:-1\" \/>\n<link rel=\"canonical\" href=\"https:\/\/golfterramar.com\/ca\/noticia\/el-pro-am-garcia-munte-inaugura-el-calendari-del-2025-amb-qualitat\/\" \/>\n<meta property=\"og:locale\" content=\"ca_ES\" \/>\n<meta property=\"og:type\" content=\"article\" \/>\n<meta property=\"og:title\" content=\"El Pro \u2013 AM Garc\u00eda-Munt\u00e9 inaugura el calendari del 2025 amb qualitat - Golf Terramar\" \/>\n<meta property=\"og:description\" content=\"El Torneig Pro \u2013 Am Familia Garc\u00eda-Munt\u00e9 s&#8217;ha jugat aquest divendres i dissabte al Club de Golf Terramar amb una elevada participaci\u00f3 i qualitat. Un total de 31 equips (7 el primer dia i 24 el segon) han integrat el cartell, que ha ofert moments estel\u00b7lars. Entre els 124 jugadors hi havia 31 pros i [&hellip;]\" \/>\n<meta property=\"og:url\" content=\"https:\/\/golfterramar.com\/ca\/noticia\/el-pro-am-garcia-munte-inaugura-el-calendari-del-2025-amb-qualitat\/\" \/>\n<meta property=\"og:site_name\" content=\"Golf Terramar\" \/>\n<meta property=\"article:modified_time\" content=\"2025-01-19T07:38:12+00:00\" \/>\n<meta property=\"og:image\" content=\"https:\/\/golfterramar.com\/wp-content\/uploads\/2025\/01\/1-copia.jpg\" \/>\n\t<meta property=\"og:image:width\" content=\"1536\" \/>\n\t<meta property=\"og:image:height\" content=\"1368\" \/>\n\t<meta property=\"og:image:type\" content=\"image\/jpeg\" \/>\n<meta name=\"twitter:card\" content=\"summary_large_image\" \/>\n<meta name=\"twitter:label1\" content=\"Temps estimat de lectura\" \/>\n\t<meta name=\"twitter:data1\" content=\"1 minut\" \/>\n<script type=\"application\/ld+json\" class=\"yoast-schema-graph\">{\"@context\":\"https:\/\/schema.org\",\"@graph\":[{\"@type\":\"WebPage\",\"@id\":\"https:\/\/golfterramar.com\/ca\/noticia\/el-pro-am-garcia-munte-inaugura-el-calendari-del-2025-amb-qualitat\/\",\"url\":\"https:\/\/golfterramar.com\/ca\/noticia\/el-pro-am-garcia-munte-inaugura-el-calendari-del-2025-amb-qualitat\/\",\"name\":\"El Pro \u2013 AM Garc\u00eda-Munt\u00e9 inaugura el calendari del 2025 amb qualitat - Golf Terramar\",\"isPartOf\":{\"@id\":\"https:\/\/golfterramar.com\/ca\/#website\"},\"primaryImageOfPage\":{\"@id\":\"https:\/\/golfterramar.com\/ca\/noticia\/el-pro-am-garcia-munte-inaugura-el-calendari-del-2025-amb-qualitat\/#primaryimage\"},\"image\":{\"@id\":\"https:\/\/golfterramar.com\/ca\/noticia\/el-pro-am-garcia-munte-inaugura-el-calendari-del-2025-amb-qualitat\/#primaryimage\"},\"thumbnailUrl\":\"https:\/\/golfterramar.com\/wp-content\/uploads\/2025\/01\/1-copia.jpg\",\"datePublished\":\"2025-01-19T07:36:44+00:00\",\"dateModified\":\"2025-01-19T07:38:12+00:00\",\"breadcrumb\":{\"@id\":\"https:\/\/golfterramar.com\/ca\/noticia\/el-pro-am-garcia-munte-inaugura-el-calendari-del-2025-amb-qualitat\/#breadcrumb\"},\"inLanguage\":\"ca\",\"potentialAction\":[{\"@type\":\"ReadAction\",\"target\":[\"https:\/\/golfterramar.com\/ca\/noticia\/el-pro-am-garcia-munte-inaugura-el-calendari-del-2025-amb-qualitat\/\"]}]},{\"@type\":\"ImageObject\",\"inLanguage\":\"ca\",\"@id\":\"https:\/\/golfterramar.com\/ca\/noticia\/el-pro-am-garcia-munte-inaugura-el-calendari-del-2025-amb-qualitat\/#primaryimage\",\"url\":\"https:\/\/golfterramar.com\/wp-content\/uploads\/2025\/01\/1-copia.jpg\",\"contentUrl\":\"https:\/\/golfterramar.com\/wp-content\/uploads\/2025\/01\/1-copia.jpg\",\"width\":1536,\"height\":1368},{\"@type\":\"BreadcrumbList\",\"@id\":\"https:\/\/golfterramar.com\/ca\/noticia\/el-pro-am-garcia-munte-inaugura-el-calendari-del-2025-amb-qualitat\/#breadcrumb\",\"itemListElement\":[{\"@type\":\"ListItem\",\"position\":1,\"name\":\"Portada\",\"item\":\"https:\/\/golfterramar.com\/ca\/\"},{\"@type\":\"ListItem\",\"position\":2,\"name\":\"El Pro \u2013 AM Garc\u00eda-Munt\u00e9 inaugura el calendari del 2025 amb qualitat\"}]},{\"@type\":\"WebSite\",\"@id\":\"https:\/\/golfterramar.com\/ca\/#website\",\"url\":\"https:\/\/golfterramar.com\/ca\/\",\"name\":\"Golf Terramar\",\"description\":\"\",\"potentialAction\":[{\"@type\":\"SearchAction\",\"target\":{\"@type\":\"EntryPoint\",\"urlTemplate\":\"https:\/\/golfterramar.com\/ca\/?s={search_term_string}\"},\"query-input\":{\"@type\":\"PropertyValueSpecification\",\"valueRequired\":true,\"valueName\":\"search_term_string\"}}],\"inLanguage\":\"ca\"}]}<\/script>\n<!-- \/ Yoast SEO plugin. -->","yoast_head_json":{"title":"El Pro \u2013 AM Garc\u00eda-Munt\u00e9 inaugura el calendari del 2025 amb qualitat - Golf Terramar","robots":{"index":"index","follow":"follow","max-snippet":"max-snippet:-1","max-image-preview":"max-image-preview:large","max-video-preview":"max-video-preview:-1"},"canonical":"https:\/\/golfterramar.com\/ca\/noticia\/el-pro-am-garcia-munte-inaugura-el-calendari-del-2025-amb-qualitat\/","og_locale":"ca_ES","og_type":"article","og_title":"El Pro \u2013 AM Garc\u00eda-Munt\u00e9 inaugura el calendari del 2025 amb qualitat - Golf Terramar","og_description":"El Torneig Pro \u2013 Am Familia Garc\u00eda-Munt\u00e9 s&#8217;ha jugat aquest divendres i dissabte al Club de Golf Terramar amb una elevada participaci\u00f3 i qualitat. Un total de 31 equips (7 el primer dia i 24 el segon) han integrat el cartell, que ha ofert moments estel\u00b7lars. Entre els 124 jugadors hi havia 31 pros i [&hellip;]","og_url":"https:\/\/golfterramar.com\/ca\/noticia\/el-pro-am-garcia-munte-inaugura-el-calendari-del-2025-amb-qualitat\/","og_site_name":"Golf Terramar","article_modified_time":"2025-01-19T07:38:12+00:00","og_image":[{"width":1536,"height":1368,"url":"https:\/\/golfterramar.com\/wp-content\/uploads\/2025\/01\/1-copia.jpg","type":"image\/jpeg"}],"twitter_card":"summary_large_image","twitter_misc":{"Temps estimat de lectura":"1 minut"},"schema":{"@context":"https:\/\/schema.org","@graph":[{"@type":"WebPage","@id":"https:\/\/golfterramar.com\/ca\/noticia\/el-pro-am-garcia-munte-inaugura-el-calendari-del-2025-amb-qualitat\/","url":"https:\/\/golfterramar.com\/ca\/noticia\/el-pro-am-garcia-munte-inaugura-el-calendari-del-2025-amb-qualitat\/","name":"El Pro \u2013 AM Garc\u00eda-Munt\u00e9 inaugura el calendari del 2025 amb qualitat - Golf Terramar","isPartOf":{"@id":"https:\/\/golfterramar.com\/ca\/#website"},"primaryImageOfPage":{"@id":"https:\/\/golfterramar.com\/ca\/noticia\/el-pro-am-garcia-munte-inaugura-el-calendari-del-2025-amb-qualitat\/#primaryimage"},"image":{"@id":"https:\/\/golfterramar.com\/ca\/noticia\/el-pro-am-garcia-munte-inaugura-el-calendari-del-2025-amb-qualitat\/#primaryimage"},"thumbnailUrl":"https:\/\/golfterramar.com\/wp-content\/uploads\/2025\/01\/1-copia.jpg","datePublished":"2025-01-19T07:36:44+00:00","dateModified":"2025-01-19T07:38:12+00:00","breadcrumb":{"@id":"https:\/\/golfterramar.com\/ca\/noticia\/el-pro-am-garcia-munte-inaugura-el-calendari-del-2025-amb-qualitat\/#breadcrumb"},"inLanguage":"ca","potentialAction":[{"@type":"ReadAction","target":["https:\/\/golfterramar.com\/ca\/noticia\/el-pro-am-garcia-munte-inaugura-el-calendari-del-2025-amb-qualitat\/"]}]},{"@type":"ImageObject","inLanguage":"ca","@id":"https:\/\/golfterramar.com\/ca\/noticia\/el-pro-am-garcia-munte-inaugura-el-calendari-del-2025-amb-qualitat\/#primaryimage","url":"https:\/\/golfterramar.com\/wp-content\/uploads\/2025\/01\/1-copia.jpg","contentUrl":"https:\/\/golfterramar.com\/wp-content\/uploads\/2025\/01\/1-copia.jpg","width":1536,"height":1368},{"@type":"BreadcrumbList","@id":"https:\/\/golfterramar.com\/ca\/noticia\/el-pro-am-garcia-munte-inaugura-el-calendari-del-2025-amb-qualitat\/#breadcrumb","itemListElement":[{"@type":"ListItem","position":1,"name":"Portada","item":"https:\/\/golfterramar.com\/ca\/"},{"@type":"ListItem","position":2,"name":"El Pro \u2013 AM Garc\u00eda-Munt\u00e9 inaugura el calendari del 2025 amb qualitat"}]},{"@type":"WebSite","@id":"https:\/\/golfterramar.com\/ca\/#website","url":"https:\/\/golfterramar.com\/ca\/","name":"Golf Terramar","description":"","potentialAction":[{"@type":"SearchAction","target":{"@type":"EntryPoint","urlTemplate":"https:\/\/golfterramar.com\/ca\/?s={search_term_string}"},"query-input":{"@type":"PropertyValueSpecification","valueRequired":true,"valueName":"search_term_string"}}],"inLanguage":"ca"}]}},"_links":{"self":[{"href":"https:\/\/golfterramar.com\/ca\/wp-json\/wp\/v2\/noticia\/9288","targetHints":{"allow":["GET"]}}],"collection":[{"href":"https:\/\/golfterramar.com\/ca\/wp-json\/wp\/v2\/noticia"}],"about":[{"href":"https:\/\/golfterramar.com\/ca\/wp-json\/wp\/v2\/types\/noticia"}],"author":[{"embeddable":true,"href":"https:\/\/golfterramar.com\/ca\/wp-json\/wp\/v2\/users\/3"}],"version-history":[{"count":1,"href":"https:\/\/golfterramar.com\/ca\/wp-json\/wp\/v2\/noticia\/9288\/revisions"}],"predecessor-version":[{"id":9289,"href":"https:\/\/golfterramar.com\/ca\/wp-json\/wp\/v2\/noticia\/9288\/revisions\/9289"}],"wp:featuredmedia":[{"embeddable":true,"href":"https:\/\/golfterramar.com\/ca\/wp-json\/wp\/v2\/media\/9285"}],"wp:attachment":[{"href":"https:\/\/golfterramar.com\/ca\/wp-json\/wp\/v2\/media?parent=9288"}],"wp:term":[{"taxonomy":"category","embeddable":true,"href":"https:\/\/golfterramar.com\/ca\/wp-json\/wp\/v2\/categories?post=9288"}],"curies":[{"name":"wp","href":"https:\/\/api.w.org\/{rel}","templated":true}]}}