{"id":9469,"date":"2025-02-23T18:58:16","date_gmt":"2025-02-23T17:58:16","guid":{"rendered":"https:\/\/golfterramar.com\/?post_type=noticia&#038;p=9469"},"modified":"2025-02-23T19:01:47","modified_gmt":"2025-02-23T18:01:47","slug":"emocio-i-bon-joc-en-el-torneig-dhivern","status":"publish","type":"noticia","link":"https:\/\/golfterramar.com\/ca\/noticia\/emocio-i-bon-joc-en-el-torneig-dhivern\/","title":{"rendered":"Emoci\u00f3 i bon joc en el Torneig d\u2019Hivern"},"content":{"rendered":"\n<figure class=\"wp-block-image size-full\"><img loading=\"lazy\" decoding=\"async\" width=\"1200\" height=\"887\" src=\"https:\/\/golfterramar.com\/wp-content\/uploads\/2025\/02\/TorneigHivern25.jpg\" alt=\"\" class=\"wp-image-9466\" srcset=\"https:\/\/golfterramar.com\/wp-content\/uploads\/2025\/02\/TorneigHivern25.jpg 1200w, https:\/\/golfterramar.com\/wp-content\/uploads\/2025\/02\/TorneigHivern25-600x444.jpg 600w, https:\/\/golfterramar.com\/wp-content\/uploads\/2025\/02\/TorneigHivern25-768x568.jpg 768w\" sizes=\"auto, (max-width: 1200px) 100vw, 1200px\" \/><figcaption class=\"wp-element-caption\">Erik Hedberg i Mari\u00e0 Ayora, campions en les categories d&#8217;scratch i inferior masculina<\/figcaption><\/figure>\n\n\n\n<p>El Torneig d&#8217;Hivern del Club de Golf Terramar va celebrar ahir la segona i definitiva jornada, marcada pel bon joc i l&#8217;excel\u00b7lent ambient, per\u00f2 sota la incertesa meteorol\u00f2gica que ha regnat aquest cap de setmana. Mari\u00e0 Ayora, Josep Novell, \u00c0ngels Ballest\u00e9, Maria Jes\u00fas Yubero, Erik Hedberg, Llu\u00eds Villa i Berta Echevarr\u00eda han estat els guanyadors de les diferents categories.<br><br>La segona jornada va confirmar els l\u00edders de la primera sessi\u00f3, celebrada l&#8217;1 de febrer, a les categories inferior cavallers i scratch indistint, per\u00f2 en canvi va modificar els campions de la resta. A diverses categories, l&#8217;emoci\u00f3 va ser m\u00e0xima fins al final.<\/p>\n\n\n\n<p><strong>Resultats:<\/strong><br><br><strong>Categoria inferior masculina <\/strong>(fins a hcap 12,3)<br>Campi\u00f3: Mari\u00e0 Ayora G\u00f3mez: 73 punts<br>Subcampi\u00f3: Jordi Cardoner Casaus: 71<br><br><strong>Categoria superior masculina <\/strong>(de hcap 12,4 a 36)<br>Campi\u00f3: Josep Novell Elhome: 75<br>Subcampi\u00f3: Santiago Romero Blasi: 73<br><br><strong>Categoria inferior femenina <\/strong>(fins a hcap. 22,6)<br>Campiona: \u00c1ngeles Ballest\u00e9 Grimalt: 72<br>Subcampiona: Tracey Tillstrand: 70<br><br><strong>Categoria superior femenina <\/strong>(de hcap. 22,7 a 36)<br>Campiona: Mar\u00eda Jes\u00fas Yubero Serrano: 69<br>Subcampiona: Elena Leralta Pi\u00f1\u00e1n 65<br><br><strong>Categoria Scratch indistint<\/strong><br>Campi\u00f3: Erik Hedberg Bertrand: 75<br><br><strong>Categoria S\u00e8nior Indistint<\/strong><br>Campi\u00f3: Llu\u00eds Villa Camps: 72<br><br><strong>Sub-18 indistint<\/strong><br>Campiona: Berta Echevarr\u00eda Balasch: 68<br>Subcampiona: Cecilia Rubio Hern\u00e1ndez: 64<\/p>\n","protected":false},"author":3,"featured_media":9466,"template":"","categories":[65],"class_list":["post-9469","noticia","type-noticia","status-publish","has-post-thumbnail","hentry","category-competiciones-ca"],"acf":[],"yoast_head":"<!-- This site is optimized with the Yoast SEO plugin v24.9 - https:\/\/yoast.com\/wordpress\/plugins\/seo\/ -->\n<title>Emoci\u00f3 i bon joc en el Torneig d\u2019Hivern - Golf Terramar<\/title>\n<meta name=\"robots\" content=\"index, follow, max-snippet:-1, max-image-preview:large, max-video-preview:-1\" \/>\n<link rel=\"canonical\" href=\"https:\/\/golfterramar.com\/ca\/noticia\/emocio-i-bon-joc-en-el-torneig-dhivern\/\" \/>\n<meta property=\"og:locale\" content=\"ca_ES\" \/>\n<meta property=\"og:type\" content=\"article\" \/>\n<meta property=\"og:title\" content=\"Emoci\u00f3 i bon joc en el Torneig d\u2019Hivern - Golf Terramar\" \/>\n<meta property=\"og:description\" content=\"El Torneig d&#8217;Hivern del Club de Golf Terramar va celebrar ahir la segona i definitiva jornada, marcada pel bon joc i l&#8217;excel\u00b7lent ambient, per\u00f2 sota la incertesa meteorol\u00f2gica que ha regnat aquest cap de setmana. Mari\u00e0 Ayora, Josep Novell, \u00c0ngels Ballest\u00e9, Maria Jes\u00fas Yubero, Erik Hedberg, Llu\u00eds Villa i Berta Echevarr\u00eda han estat els guanyadors [&hellip;]\" \/>\n<meta property=\"og:url\" content=\"https:\/\/golfterramar.com\/ca\/noticia\/emocio-i-bon-joc-en-el-torneig-dhivern\/\" \/>\n<meta property=\"og:site_name\" content=\"Golf Terramar\" \/>\n<meta property=\"article:modified_time\" content=\"2025-02-23T18:01:47+00:00\" \/>\n<meta property=\"og:image\" content=\"https:\/\/golfterramar.com\/wp-content\/uploads\/2025\/02\/TorneigHivern25.jpg\" \/>\n\t<meta property=\"og:image:width\" content=\"1200\" \/>\n\t<meta property=\"og:image:height\" content=\"887\" \/>\n\t<meta property=\"og:image:type\" content=\"image\/jpeg\" \/>\n<meta name=\"twitter:card\" content=\"summary_large_image\" \/>\n<meta name=\"twitter:label1\" content=\"Temps estimat de lectura\" \/>\n\t<meta name=\"twitter:data1\" content=\"2 minuts\" \/>\n<script type=\"application\/ld+json\" class=\"yoast-schema-graph\">{\"@context\":\"https:\/\/schema.org\",\"@graph\":[{\"@type\":\"WebPage\",\"@id\":\"https:\/\/golfterramar.com\/ca\/noticia\/emocio-i-bon-joc-en-el-torneig-dhivern\/\",\"url\":\"https:\/\/golfterramar.com\/ca\/noticia\/emocio-i-bon-joc-en-el-torneig-dhivern\/\",\"name\":\"Emoci\u00f3 i bon joc en el Torneig d\u2019Hivern - Golf Terramar\",\"isPartOf\":{\"@id\":\"https:\/\/golfterramar.com\/ca\/#website\"},\"primaryImageOfPage\":{\"@id\":\"https:\/\/golfterramar.com\/ca\/noticia\/emocio-i-bon-joc-en-el-torneig-dhivern\/#primaryimage\"},\"image\":{\"@id\":\"https:\/\/golfterramar.com\/ca\/noticia\/emocio-i-bon-joc-en-el-torneig-dhivern\/#primaryimage\"},\"thumbnailUrl\":\"https:\/\/golfterramar.com\/wp-content\/uploads\/2025\/02\/TorneigHivern25.jpg\",\"datePublished\":\"2025-02-23T17:58:16+00:00\",\"dateModified\":\"2025-02-23T18:01:47+00:00\",\"breadcrumb\":{\"@id\":\"https:\/\/golfterramar.com\/ca\/noticia\/emocio-i-bon-joc-en-el-torneig-dhivern\/#breadcrumb\"},\"inLanguage\":\"ca\",\"potentialAction\":[{\"@type\":\"ReadAction\",\"target\":[\"https:\/\/golfterramar.com\/ca\/noticia\/emocio-i-bon-joc-en-el-torneig-dhivern\/\"]}]},{\"@type\":\"ImageObject\",\"inLanguage\":\"ca\",\"@id\":\"https:\/\/golfterramar.com\/ca\/noticia\/emocio-i-bon-joc-en-el-torneig-dhivern\/#primaryimage\",\"url\":\"https:\/\/golfterramar.com\/wp-content\/uploads\/2025\/02\/TorneigHivern25.jpg\",\"contentUrl\":\"https:\/\/golfterramar.com\/wp-content\/uploads\/2025\/02\/TorneigHivern25.jpg\",\"width\":1200,\"height\":887},{\"@type\":\"BreadcrumbList\",\"@id\":\"https:\/\/golfterramar.com\/ca\/noticia\/emocio-i-bon-joc-en-el-torneig-dhivern\/#breadcrumb\",\"itemListElement\":[{\"@type\":\"ListItem\",\"position\":1,\"name\":\"Portada\",\"item\":\"https:\/\/golfterramar.com\/ca\/\"},{\"@type\":\"ListItem\",\"position\":2,\"name\":\"Emoci\u00f3 i bon joc en el Torneig d\u2019Hivern\"}]},{\"@type\":\"WebSite\",\"@id\":\"https:\/\/golfterramar.com\/ca\/#website\",\"url\":\"https:\/\/golfterramar.com\/ca\/\",\"name\":\"Golf Terramar\",\"description\":\"\",\"potentialAction\":[{\"@type\":\"SearchAction\",\"target\":{\"@type\":\"EntryPoint\",\"urlTemplate\":\"https:\/\/golfterramar.com\/ca\/?s={search_term_string}\"},\"query-input\":{\"@type\":\"PropertyValueSpecification\",\"valueRequired\":true,\"valueName\":\"search_term_string\"}}],\"inLanguage\":\"ca\"}]}<\/script>\n<!-- \/ Yoast SEO plugin. -->","yoast_head_json":{"title":"Emoci\u00f3 i bon joc en el Torneig d\u2019Hivern - Golf Terramar","robots":{"index":"index","follow":"follow","max-snippet":"max-snippet:-1","max-image-preview":"max-image-preview:large","max-video-preview":"max-video-preview:-1"},"canonical":"https:\/\/golfterramar.com\/ca\/noticia\/emocio-i-bon-joc-en-el-torneig-dhivern\/","og_locale":"ca_ES","og_type":"article","og_title":"Emoci\u00f3 i bon joc en el Torneig d\u2019Hivern - Golf Terramar","og_description":"El Torneig d&#8217;Hivern del Club de Golf Terramar va celebrar ahir la segona i definitiva jornada, marcada pel bon joc i l&#8217;excel\u00b7lent ambient, per\u00f2 sota la incertesa meteorol\u00f2gica que ha regnat aquest cap de setmana. Mari\u00e0 Ayora, Josep Novell, \u00c0ngels Ballest\u00e9, Maria Jes\u00fas Yubero, Erik Hedberg, Llu\u00eds Villa i Berta Echevarr\u00eda han estat els guanyadors [&hellip;]","og_url":"https:\/\/golfterramar.com\/ca\/noticia\/emocio-i-bon-joc-en-el-torneig-dhivern\/","og_site_name":"Golf Terramar","article_modified_time":"2025-02-23T18:01:47+00:00","og_image":[{"width":1200,"height":887,"url":"https:\/\/golfterramar.com\/wp-content\/uploads\/2025\/02\/TorneigHivern25.jpg","type":"image\/jpeg"}],"twitter_card":"summary_large_image","twitter_misc":{"Temps estimat de lectura":"2 minuts"},"schema":{"@context":"https:\/\/schema.org","@graph":[{"@type":"WebPage","@id":"https:\/\/golfterramar.com\/ca\/noticia\/emocio-i-bon-joc-en-el-torneig-dhivern\/","url":"https:\/\/golfterramar.com\/ca\/noticia\/emocio-i-bon-joc-en-el-torneig-dhivern\/","name":"Emoci\u00f3 i bon joc en el Torneig d\u2019Hivern - Golf Terramar","isPartOf":{"@id":"https:\/\/golfterramar.com\/ca\/#website"},"primaryImageOfPage":{"@id":"https:\/\/golfterramar.com\/ca\/noticia\/emocio-i-bon-joc-en-el-torneig-dhivern\/#primaryimage"},"image":{"@id":"https:\/\/golfterramar.com\/ca\/noticia\/emocio-i-bon-joc-en-el-torneig-dhivern\/#primaryimage"},"thumbnailUrl":"https:\/\/golfterramar.com\/wp-content\/uploads\/2025\/02\/TorneigHivern25.jpg","datePublished":"2025-02-23T17:58:16+00:00","dateModified":"2025-02-23T18:01:47+00:00","breadcrumb":{"@id":"https:\/\/golfterramar.com\/ca\/noticia\/emocio-i-bon-joc-en-el-torneig-dhivern\/#breadcrumb"},"inLanguage":"ca","potentialAction":[{"@type":"ReadAction","target":["https:\/\/golfterramar.com\/ca\/noticia\/emocio-i-bon-joc-en-el-torneig-dhivern\/"]}]},{"@type":"ImageObject","inLanguage":"ca","@id":"https:\/\/golfterramar.com\/ca\/noticia\/emocio-i-bon-joc-en-el-torneig-dhivern\/#primaryimage","url":"https:\/\/golfterramar.com\/wp-content\/uploads\/2025\/02\/TorneigHivern25.jpg","contentUrl":"https:\/\/golfterramar.com\/wp-content\/uploads\/2025\/02\/TorneigHivern25.jpg","width":1200,"height":887},{"@type":"BreadcrumbList","@id":"https:\/\/golfterramar.com\/ca\/noticia\/emocio-i-bon-joc-en-el-torneig-dhivern\/#breadcrumb","itemListElement":[{"@type":"ListItem","position":1,"name":"Portada","item":"https:\/\/golfterramar.com\/ca\/"},{"@type":"ListItem","position":2,"name":"Emoci\u00f3 i bon joc en el Torneig d\u2019Hivern"}]},{"@type":"WebSite","@id":"https:\/\/golfterramar.com\/ca\/#website","url":"https:\/\/golfterramar.com\/ca\/","name":"Golf Terramar","description":"","potentialAction":[{"@type":"SearchAction","target":{"@type":"EntryPoint","urlTemplate":"https:\/\/golfterramar.com\/ca\/?s={search_term_string}"},"query-input":{"@type":"PropertyValueSpecification","valueRequired":true,"valueName":"search_term_string"}}],"inLanguage":"ca"}]}},"_links":{"self":[{"href":"https:\/\/golfterramar.com\/ca\/wp-json\/wp\/v2\/noticia\/9469","targetHints":{"allow":["GET"]}}],"collection":[{"href":"https:\/\/golfterramar.com\/ca\/wp-json\/wp\/v2\/noticia"}],"about":[{"href":"https:\/\/golfterramar.com\/ca\/wp-json\/wp\/v2\/types\/noticia"}],"author":[{"embeddable":true,"href":"https:\/\/golfterramar.com\/ca\/wp-json\/wp\/v2\/users\/3"}],"version-history":[{"count":2,"href":"https:\/\/golfterramar.com\/ca\/wp-json\/wp\/v2\/noticia\/9469\/revisions"}],"predecessor-version":[{"id":9472,"href":"https:\/\/golfterramar.com\/ca\/wp-json\/wp\/v2\/noticia\/9469\/revisions\/9472"}],"wp:featuredmedia":[{"embeddable":true,"href":"https:\/\/golfterramar.com\/ca\/wp-json\/wp\/v2\/media\/9466"}],"wp:attachment":[{"href":"https:\/\/golfterramar.com\/ca\/wp-json\/wp\/v2\/media?parent=9469"}],"wp:term":[{"taxonomy":"category","embeddable":true,"href":"https:\/\/golfterramar.com\/ca\/wp-json\/wp\/v2\/categories?post=9469"}],"curies":[{"name":"wp","href":"https:\/\/api.w.org\/{rel}","templated":true}]}}